{"id":6907,"date":"2026-01-06T10:16:07","date_gmt":"2026-01-06T10:16:07","guid":{"rendered":"https:\/\/www.europesays.com\/africa\/6907\/"},"modified":"2026-01-06T10:16:07","modified_gmt":"2026-01-06T10:16:07","slug":"affaire-aziz-dabala-nabou-leye-modou-lo-revient-a-la-charge","status":"publish","type":"post","link":"https:\/\/www.europesays.com\/africa\/6907\/","title":{"rendered":"Affaire Aziz Dabala &#8211; Nabou Leye : &#8220;Modou Lo revient \u00e0 la charge&#8221;"},"content":{"rendered":"<p class=\"firstp\">Le chroniqueur judiciaire Pape Ndiaye, de Walf, a fait de nouvelles r\u00e9v\u00e9lations sur l\u2019\u00e9volution du dossier Aziz Dabala. Selon lui, une seconde confrontation est pr\u00e9vue entre Nabou Leye et Modou Lo dans le cadre de l\u2019enqu\u00eate en cours.<\/p>\n<p data-start=\"380\" data-end=\"591\">\u00ab Une deuxi\u00e8me confrontation aura lieu, car <a href=\"https:\/\/www.senenews.com\/premium\/nabou-leye-oumar-gueye-serigne-sarr-les-enqueteurs-sur-la-piste-des-meurtres-sur-commande_570541.html\" rel=\"nofollow noopener\" target=\"_blank\">Modou<\/a> a promis de faire de nouvelles r\u00e9v\u00e9lations \u00bb, a-t-il affirm\u00e9, laissant entendre que des \u00e9l\u00e9ments suppl\u00e9mentaires pourraient venir \u00e9clairer ce dossier tr\u00e8s suivi.\n<\/p>\n<p data-start=\"593\" data-end=\"740\" data-is-last-node=\"\" data-is-only-node=\"\">Ces nouvelles d\u00e9clarations relancent l\u2019attention autour de cette affaire, qui continue de susciter de nombreuses r\u00e9actions dans l\u2019opinion publique.<\/p>\n","protected":false},"excerpt":{"rendered":"Le chroniqueur judiciaire Pape Ndiaye, de Walf, a fait de nouvelles r\u00e9v\u00e9lations sur l\u2019\u00e9volution du dossier Aziz Dabala.&hellip;\n","protected":false},"author":2,"featured_media":6908,"comment_status":"","ping_status":"","sticky":false,"template":"","format":"standard","meta":{"footnotes":""},"categories":[48],"tags":[4982,4983,159,163,239],"class_list":{"0":"post-6907","1":"post","2":"type-post","3":"status-publish","4":"format-standard","5":"has-post-thumbnail","7":"category-senegal","8":"tag-aziz-dabala","9":"tag-modou-lo","10":"tag-senegal","11":"tag-senegal-actualites","12":"tag-societe"},"share_on_mastodon":{"url":"","error":""},"_links":{"self":[{"href":"https:\/\/www.europesays.com\/africa\/wp-json\/wp\/v2\/posts\/6907","targetHints":{"allow":["GET"]}}],"collection":[{"href":"https:\/\/www.europesays.com\/africa\/wp-json\/wp\/v2\/posts"}],"about":[{"href":"https:\/\/www.europesays.com\/africa\/wp-json\/wp\/v2\/types\/post"}],"author":[{"embeddable":true,"href":"https:\/\/www.europesays.com\/africa\/wp-json\/wp\/v2\/users\/2"}],"replies":[{"embeddable":true,"href":"https:\/\/www.europesays.com\/africa\/wp-json\/wp\/v2\/comments?post=6907"}],"version-history":[{"count":0,"href":"https:\/\/www.europesays.com\/africa\/wp-json\/wp\/v2\/posts\/6907\/revisions"}],"wp:featuredmedia":[{"embeddable":true,"href":"https:\/\/www.europesays.com\/africa\/wp-json\/wp\/v2\/media\/6908"}],"wp:attachment":[{"href":"https:\/\/www.europesays.com\/africa\/wp-json\/wp\/v2\/media?parent=6907"}],"wp:term":[{"taxonomy":"category","embeddable":true,"href":"https:\/\/www.europesays.com\/africa\/wp-json\/wp\/v2\/categories?post=6907"},{"taxonomy":"post_tag","embeddable":true,"href":"https:\/\/www.europesays.com\/africa\/wp-json\/wp\/v2\/tags?post=6907"}],"curies":[{"name":"wp","href":"https:\/\/api.w.org\/{rel}","templated":true}]}}