{"id":6929,"date":"2026-01-06T10:30:54","date_gmt":"2026-01-06T10:30:54","guid":{"rendered":"https:\/\/www.europesays.com\/africa\/6929\/"},"modified":"2026-01-06T10:30:54","modified_gmt":"2026-01-06T10:30:54","slug":"le-dossier-barthelemy-dias-relance-a-la-cour-supreme","status":"publish","type":"post","link":"https:\/\/www.europesays.com\/africa\/6929\/","title":{"rendered":"Le dossier Barth\u00e9l\u00e9my Dias relanc\u00e9 \u00e0 la Cour Supr\u00eame"},"content":{"rendered":"<p>La Chambre administrative de la Cour supr\u00eame est attendue apr\u00e8s-demain pour examiner un recours introduit par Barth\u00e9lemy Dias, ancien maire de Dakar, relatif \u00e0 son \u00e9viction de ses fonctions municipales. Cette audience s\u2019inscrit dans le prolongement d\u2019une longue proc\u00e9dure judiciaire portant sur la l\u00e9galit\u00e9 de l\u2019arr\u00eat\u00e9 pr\u00e9fectoral ayant constat\u00e9 sa d\u00e9mission d\u2019office en tant que conseiller municipal de la ville de Dakar.            <\/p>\n<p class=\"pread\" style=\"background: #fff6d3;font-size:17px !important;padding:0px 0 16px 0;border:none;font-family:'source-sans-pro' !important;color:#444 !important;\">\n<p>La suite est r\u00e9serv\u00e9e \u00e0 nos abonn\u00e9s.<br \/>D\u00e9j\u00e0 abonn\u00e9 ? <a href=\"https:\/\/www.senenews.com\/login?redirect_to=https:\/\/www.senenews.com\/premium\/retournement-de-situation-pour-la-mairie-de-dakar-le-dossier-barthelemy-dias-relance-a-la-cour-supreme_571656.html\" style=\"text-decoration: underline !important;font-weight: bold;\" rel=\"nofollow noopener\" target=\"_blank\">Se connecter<\/a><\/p>\n<p>Profitez de 3 mois offerts<br \/>et acc\u00e9dez \u00e0 tous nos contenus<br \/>sans aucune publicit\u00e9<\/p>\n<p style=\"text-align:center;font-size:14px;font-family:'source-sans-pro'\">\n<a href=\"https:\/\/www.senenews.com\/rejoignez-senenews-premium-pour-soutenir-une-redaction-libre-et-independante\" style=\"text-decoration:none!important;border-bottom:1px solid\" rel=\"nofollow noopener\" target=\"_blank\">Pourquoi vous devez soutenir l\u2019initiative Senenews Premium?<\/a><\/p>\n","protected":false},"excerpt":{"rendered":"La Chambre administrative de la Cour supr\u00eame est attendue apr\u00e8s-demain pour examiner un recours introduit par Barth\u00e9lemy Dias,&hellip;\n","protected":false},"author":2,"featured_media":6930,"comment_status":"","ping_status":"","sticky":false,"template":"","format":"standard","meta":{"footnotes":""},"categories":[48],"tags":[480,161,5004,248,159,163],"class_list":{"0":"post-6929","1":"post","2":"type-post","3":"status-publish","4":"format-standard","5":"has-post-thumbnail","7":"category-senegal","8":"tag-a-la-une","9":"tag-articles-premium","10":"tag-barthelemy-dias","11":"tag-politique","12":"tag-senegal","13":"tag-senegal-actualites"},"share_on_mastodon":{"url":"","error":""},"_links":{"self":[{"href":"https:\/\/www.europesays.com\/africa\/wp-json\/wp\/v2\/posts\/6929","targetHints":{"allow":["GET"]}}],"collection":[{"href":"https:\/\/www.europesays.com\/africa\/wp-json\/wp\/v2\/posts"}],"about":[{"href":"https:\/\/www.europesays.com\/africa\/wp-json\/wp\/v2\/types\/post"}],"author":[{"embeddable":true,"href":"https:\/\/www.europesays.com\/africa\/wp-json\/wp\/v2\/users\/2"}],"replies":[{"embeddable":true,"href":"https:\/\/www.europesays.com\/africa\/wp-json\/wp\/v2\/comments?post=6929"}],"version-history":[{"count":0,"href":"https:\/\/www.europesays.com\/africa\/wp-json\/wp\/v2\/posts\/6929\/revisions"}],"wp:featuredmedia":[{"embeddable":true,"href":"https:\/\/www.europesays.com\/africa\/wp-json\/wp\/v2\/media\/6930"}],"wp:attachment":[{"href":"https:\/\/www.europesays.com\/africa\/wp-json\/wp\/v2\/media?parent=6929"}],"wp:term":[{"taxonomy":"category","embeddable":true,"href":"https:\/\/www.europesays.com\/africa\/wp-json\/wp\/v2\/categories?post=6929"},{"taxonomy":"post_tag","embeddable":true,"href":"https:\/\/www.europesays.com\/africa\/wp-json\/wp\/v2\/tags?post=6929"}],"curies":[{"name":"wp","href":"https:\/\/api.w.org\/{rel}","templated":true}]}}