{"id":6955,"date":"2026-01-06T10:45:07","date_gmt":"2026-01-06T10:45:07","guid":{"rendered":"https:\/\/www.europesays.com\/africa\/6955\/"},"modified":"2026-01-06T10:45:07","modified_gmt":"2026-01-06T10:45:07","slug":"lex-depute-boughazelli-de-nouveau-sous-mandat-de-depot-un-jugement-decisif-attendu-ce-mercredi","status":"publish","type":"post","link":"https:\/\/www.europesays.com\/africa\/6955\/","title":{"rendered":"l\u2019ex-d\u00e9put\u00e9 Boughazelli de nouveau sous mandat de d\u00e9p\u00f4t, un jugement d\u00e9cisif attendu ce mercredi"},"content":{"rendered":"<p>\n\t\t\t\t\t Les ennuis judiciaires s\u2019accumulent pour Seydina Fall, plus connu sous le nom de Boughazelli. \u00c0 peine condamn\u00e9 dans une affaire d\u2019escroquerie immobili\u00e8re, l\u2019ancien d\u00e9put\u00e9 de Gu\u00e9diawaye replonge une nouvelle fois dans les arcanes judiciaires. Extrait de la prison de Rebeuss, il a \u00e9t\u00e9 de nouveau plac\u00e9 sous mandat de d\u00e9p\u00f4t, hier, et devra compara\u00eetre ce mercredi devant le tribunal des flagrants d\u00e9lits de Pikine-Gu\u00e9diawaye. <br \/>\u00a0 <br \/>Selon L\u2019Observateur, cette nouvelle proc\u00e9dure vient alourdir un dossier d\u00e9j\u00e0 charg\u00e9. Pour rappel, Boughazelli avait \u00e9t\u00e9 jug\u00e9 le 10 d\u00e9cembre dernier par le tribunal des flagrants d\u00e9lits, \u00e9copant d\u2019une peine de six mois de prison, dont deux ferme, pour escroquerie immobili\u00e8re. Alors qu\u2019il purgeait cette condamnation, de nouvelles plaintes sont venues raviver les poursuites contre lui. <br \/>\u00a0 <br \/>Encore une fois, rapporte L\u2019Observateur, plusieurs p\u00e8res et m\u00e8res de famille affirment avoir vers\u00e9 des avances pour des appartements en location, sans jamais obtenir ni les logements promis ni le remboursement de leurs fonds. Ces d\u00e9nonciations ont conduit, mercredi dernier, \u00e0 l\u2019extraction de Boughazelli de la prison de Rebeuss pour \u00eatre pr\u00e9sent\u00e9 au parquet de Pikine-Gu\u00e9diawaye. \u00c0 l\u2019issue de son face-\u00e0-face avec le procureur, il a \u00e9t\u00e9 plac\u00e9 sous mandat de d\u00e9p\u00f4t, en attendant son jugement imminent. <br \/>\u00a0 <br \/>La situation de l\u2019ancien responsable politique, d\u00e9j\u00e0 tomb\u00e9 en disgr\u00e2ce depuis l\u2019affaire des faux billets qui lui avait co\u00fbt\u00e9 son mandat parlementaire, semble se compliquer davantage. D\u2019apr\u00e8s des sources polici\u00e8res cit\u00e9es par L\u2019Observateur, la nouvelle proc\u00e9dure porterait sur un montant sup\u00e9rieur \u00e0 un million de FCFA. Conduit \u00e0 la S\u00fbret\u00e9 urbaine de Gu\u00e9diawaye, l\u2019ex-d\u00e9put\u00e9 aurait d\u2019abord refus\u00e9 de r\u00e9pondre aux enqu\u00eateurs, pr\u00e9f\u00e9rant attendre l\u2019arriv\u00e9e de son avocat. <br \/>\u00a0 <br \/>Parmi les plaignants figure une dame identifi\u00e9e sous les initiales A. S.. Elle affirme avoir vers\u00e9 une avance de 250 000 FCFA \u00e0 un courtier, M. Ndiaye, qui l\u2019aurait mise en relation avec Boughazelli pour la location d\u2019un appartement. Les faits se seraient d\u00e9roul\u00e9s au mois de novembre. Malgr\u00e9 l\u2019urgence de sa situation, elle n\u2019aurait jamais re\u00e7u les cl\u00e9s du logement promis, souligne L\u2019Observateur. <br \/>\u00a0 <br \/>L\u2019\u00e9clatement de cette affaire a entra\u00een\u00e9 le d\u00e9p\u00f4t d\u2019autres plaintes au commissariat central, corsant davantage le dossier de l\u2019ancien d\u00e9put\u00e9. D\u00e9f\u00e9r\u00e9 ce lundi devant le tribunal de Pikine-Gu\u00e9diawaye, Boughazelli a \u00e9t\u00e9 maintenu en d\u00e9tention, en d\u00e9pit du d\u00e9sistement de la plaignante, qui a pourtant d\u00e9clar\u00e9 ne pas souhaiter son incarc\u00e9ration. Le parquet a n\u00e9anmoins ordonn\u00e9 son placement sous mandat de d\u00e9p\u00f4t, estimant que les faits reproch\u00e9s justifiaient la poursuite de la proc\u00e9dure. <br \/>\u00a0 <br \/>Ce nouveau jugement pourrait ainsi prolonger la d\u00e9tention de l\u2019ex-parlementaire, d\u00e9j\u00e0 sous la menace des quatre mois de sursis li\u00e9s \u00e0 sa pr\u00e9c\u00e9dente condamnation.\n\t\t\t\t <\/p>\n","protected":false},"excerpt":{"rendered":"Les ennuis judiciaires s\u2019accumulent pour Seydina Fall, plus connu sous le nom de Boughazelli. \u00c0 peine condamn\u00e9 dans&hellip;\n","protected":false},"author":2,"featured_media":6956,"comment_status":"","ping_status":"","sticky":false,"template":"","format":"standard","meta":{"footnotes":""},"categories":[48],"tags":[64,274,279,273,277,278,271,281,283,272,280,276,275,159,282],"class_list":{"0":"post-6955","1":"post","2":"type-post","3":"status-publish","4":"format-standard","5":"has-post-thumbnail","7":"category-senegal","8":"tag-afrique","9":"tag-aliou-cisse","10":"tag-amadou-ba","11":"tag-apr","12":"tag-bassirou-diomaye-faye","13":"tag-bathelemy-dias","14":"tag-dakar","15":"tag-el-malick-ndiaye","16":"tag-guy-marius-sagna","17":"tag-macky-sall","18":"tag-madiambal-diagne","19":"tag-ousmane-sonko","20":"tag-pastef","21":"tag-senegal","22":"tag-ziguinchor"},"share_on_mastodon":{"url":"","error":""},"_links":{"self":[{"href":"https:\/\/www.europesays.com\/africa\/wp-json\/wp\/v2\/posts\/6955","targetHints":{"allow":["GET"]}}],"collection":[{"href":"https:\/\/www.europesays.com\/africa\/wp-json\/wp\/v2\/posts"}],"about":[{"href":"https:\/\/www.europesays.com\/africa\/wp-json\/wp\/v2\/types\/post"}],"author":[{"embeddable":true,"href":"https:\/\/www.europesays.com\/africa\/wp-json\/wp\/v2\/users\/2"}],"replies":[{"embeddable":true,"href":"https:\/\/www.europesays.com\/africa\/wp-json\/wp\/v2\/comments?post=6955"}],"version-history":[{"count":0,"href":"https:\/\/www.europesays.com\/africa\/wp-json\/wp\/v2\/posts\/6955\/revisions"}],"wp:featuredmedia":[{"embeddable":true,"href":"https:\/\/www.europesays.com\/africa\/wp-json\/wp\/v2\/media\/6956"}],"wp:attachment":[{"href":"https:\/\/www.europesays.com\/africa\/wp-json\/wp\/v2\/media?parent=6955"}],"wp:term":[{"taxonomy":"category","embeddable":true,"href":"https:\/\/www.europesays.com\/africa\/wp-json\/wp\/v2\/categories?post=6955"},{"taxonomy":"post_tag","embeddable":true,"href":"https:\/\/www.europesays.com\/africa\/wp-json\/wp\/v2\/tags?post=6955"}],"curies":[{"name":"wp","href":"https:\/\/api.w.org\/{rel}","templated":true}]}}