{"id":6981,"date":"2026-01-06T10:58:08","date_gmt":"2026-01-06T10:58:08","guid":{"rendered":"https:\/\/www.europesays.com\/africa\/6981\/"},"modified":"2026-01-06T10:58:08","modified_gmt":"2026-01-06T10:58:08","slug":"algerie-rd-congo-ce-match-menerve-pourquoi-claude-le-roy-est-mecontent-du-choc-des-8es-de-finale-de-la-can-2025","status":"publish","type":"post","link":"https:\/\/www.europesays.com\/africa\/6981\/","title":{"rendered":"Alg\u00e9rie &#8211; RD Congo\u00a0: \u00ab\u00a0Ce match m\u2019\u00e9nerve\u00a0\u00bb, pourquoi Claude Le Roy est m\u00e9content du choc des 8es de finale de la CAN 2025"},"content":{"rendered":"<p class=\"paragraph text_align_left lp-f-body-02\">Alors que toute l\u2019Afrique a les yeux riv\u00e9s vers <a href=\"https:\/\/www.leparisien.fr\/sports\/football\/coupe-d-afrique-des-nations\/algerie-rd-congo-les-compositions-probables-du-choc-des-8es-de-finale-de-la-can-avec-mahrez-et-maza-titulaires-06-01-2026-ML6W7NIJBJCB5DYHQ2766RIFXY.php\" target=\"_self\" rel=\"nofollow noopener\">le choc entre l\u2019Alg\u00e9rie et la R\u00e9publique d\u00e9mocratique du Congo<\/a> en 8es de finale de <a href=\"https:\/\/www.leparisien.fr\/sports\/football\/coupe-d-afrique-des-nations\/\" target=\"_self\" rel=\"nofollow noopener\">la CAN 2025<\/a>, Claude Le Roy temporise. L\u2019exp\u00e9riment\u00e9 s\u00e9lectionneur fran\u00e7ais, pass\u00e9 par les bancs du Cameroun, du S\u00e9n\u00e9gal, du Ghana et du Togo notamment au cours de son immense carri\u00e8re, porte un regard toujours tr\u00e8s avis\u00e9 sur le football africain. Et <a href=\"https:\/\/www.leparisien.fr\/sports\/football\/coupe-d-afrique-des-nations\/algerie-rd-congo-qui-est-mohamed-maarouf-larbitre-egyptien-qui-dirigera-le-choc-des-huitiemes-de-finale-de-la-can-06-01-2026-BMUZWEQ43RBY3DPNSJFDTN4K64.php\" target=\"_self\" rel=\"nofollow noopener\">ce match au sommet entre les Fennecs et les L\u00e9opards<\/a> le frustre particuli\u00e8rement, comme il l\u2019a r\u00e9v\u00e9l\u00e9 aupr\u00e8s du m\u00e9dia ind\u00e9pendant alg\u00e9rien <a href=\"https:\/\/x.com\/LeLienofficiel\/status\/2008172003459518808\" target=\"_blank\" rel=\"nofollow\">Le Lien<\/a> ce lundi.<\/p>\n<p class=\"\">\u00ab Ce match Alg\u00e9rie &#8211; RDC m\u2019\u00e9nerve \u00bb, a-t-il confi\u00e9 au cours d\u2019une rapide interview donn\u00e9e au milieu de la rue, \u00e0 Rabat. \u00ab Une \u00e9quipe \u00e0 9 points affronte une autre \u00e0 7 points, pendant que certaines \u00e9quipes \u00e0 7 points jouent contre des \u00e9quipes \u00e0 2 points \u00bb, a analys\u00e9 l\u2019entra\u00eeneur de 77 ans, pass\u00e9 par le banc de la RD Congo entre 2004 et 2006 puis de 2011 \u00e0 2013.<\/p>\n<p>\u00ab C\u2019est toute l\u2019incoh\u00e9rence de la CAF \u00bb<\/p>\n<p class=\"\">En effet, les deux nations, qui se d\u00e9fient au <a href=\"https:\/\/www.leparisien.fr\/sports\/football\/coupe-d-afrique-des-nations\/can-2025-rabat-tanger-casablanca-la-liste-complete-des-stades-de-la-competition-21-12-2025-YGODZLPOCVAM7IVGX6HS2S5JTY.php\" rel=\"nofollow noopener\" target=\"_blank\">Stade Moulay El Hassan de Rabat<\/a> ce mardi (17 heures) ont figur\u00e9 parmi les meilleures \u00e9quipes de la phase de poules. Mais malgr\u00e9 leurs trois victoires au premier tour, <a href=\"https:\/\/www.leparisien.fr\/sports\/football\/coupe-d-afrique-des-nations\/can-2025-jai-perdu-ma-sacoche-quand-riyad-mahrez-vient-en-aide-a-un-supporter-algerien-en-detresse-sur-les-reseaux-sociaux-29-12-2025-TNHVRFI4JRD2HLPTYF2I2BJHVY.php\" target=\"_self\" rel=\"nofollow noopener\">Riyad Mahrez<\/a> et ses partenaires, premiers du groupe E, ont h\u00e9rit\u00e9 du deuxi\u00e8me de la poule D avec la RDC, alors que d\u2019autres vainqueurs de groupes, comme le Maroc ou le S\u00e9n\u00e9gal par exemple, se sont retrouv\u00e9s face \u00e0 des troisi\u00e8mes, beaucoup plus faibles sur le papier.<\/p>\n<p class=\"\">Les deux favoris de la comp\u00e9tition ont respectivement \u00e9t\u00e9 oppos\u00e9s \u00e0 <a href=\"https:\/\/www.leparisien.fr\/sports\/football\/coupe-d-afrique-des-nations\/maroc-tanzanie-1-0-linarretable-brahim-diaz-sauve-les-lions-de-latlas-et-les-envoie-en-quarts-de-la-can-2025-04-01-2026-TNWWLFLCWNFVZOTSZ6LJZ5ZPXE.php\" target=\"_self\" rel=\"nofollow noopener\">la Tanzanie<\/a> et <a href=\"https:\/\/www.leparisien.fr\/sports\/football\/coupe-d-afrique-des-nations\/senegal-soudan-3-1-le-pied-gauche-de-lancien-marseillais-pape-gueye-envoie-les-senegalais-en-quarts-de-la-can-2025-03-01-2026-B5R2ATKNKNGDHO547BW4ISOXOE.php\" target=\"_self\" rel=\"nofollow noopener\">au Soudan<\/a> en 8es de finale, deux adversaires largement plus abordables que la RD Congo.<\/p>\n<p class=\"\">\u00ab C\u2019est toute l\u2019incoh\u00e9rence de la CAF (Conf\u00e9d\u00e9ration Africaine de Football) \u00bb, n\u2019a pas h\u00e9sit\u00e9 \u00e0 pointer Claude Le Roy, en r\u00e9f\u00e9rence au format de la CAN \u00e0 24 \u00e9quipes, adopt\u00e9 en 2019 en m\u00eame temps que la r\u00e8gle dite des \u00ab meilleurs troisi\u00e8mes \u00bb. Pour atteindre le nombre souhait\u00e9 de 16 \u00e9quipes en 8es de finale, les quatre meilleurs troisi\u00e8mes issues des six groupes rejoignent d\u00e9sormais la phase finale aux c\u00f4t\u00e9s des six premiers et des six deuxi\u00e8mes.<\/p>\n<p class=\"\">Dans son r\u00e8glement, la CAF ne donne pas plus de pr\u00e9cisions sur la mani\u00e8re dont son tableau final a \u00e9t\u00e9 pr\u00e9-\u00e9tabli. Pour l\u2019\u00e9dition en cours, il semblerait que les vainqueurs des quatre premiers groupes dans l\u2019ordre alphab\u00e9tique (A, B, C, D) aient \u00e9t\u00e9 automatiquement choisis pour affronter les quatre meilleurs troisi\u00e8mes en 8es de finale. Ce qui ne fait donc pas les affaires de l\u2019Alg\u00e9rie.<\/p>\n","protected":false},"excerpt":{"rendered":"Alors que toute l\u2019Afrique a les yeux riv\u00e9s vers le choc entre l\u2019Alg\u00e9rie et la R\u00e9publique d\u00e9mocratique du&hellip;\n","protected":false},"author":2,"featured_media":6982,"comment_status":"","ping_status":"","sticky":false,"template":"","format":"standard","meta":{"footnotes":""},"categories":[254],"tags":[255,360,311,264],"class_list":{"0":"post-6981","1":"post","2":"type-post","3":"status-publish","4":"format-standard","5":"has-post-thumbnail","7":"category-algerie","8":"tag-algerie","9":"tag-can","10":"tag-football","11":"tag-sports"},"share_on_mastodon":{"url":"","error":""},"_links":{"self":[{"href":"https:\/\/www.europesays.com\/africa\/wp-json\/wp\/v2\/posts\/6981","targetHints":{"allow":["GET"]}}],"collection":[{"href":"https:\/\/www.europesays.com\/africa\/wp-json\/wp\/v2\/posts"}],"about":[{"href":"https:\/\/www.europesays.com\/africa\/wp-json\/wp\/v2\/types\/post"}],"author":[{"embeddable":true,"href":"https:\/\/www.europesays.com\/africa\/wp-json\/wp\/v2\/users\/2"}],"replies":[{"embeddable":true,"href":"https:\/\/www.europesays.com\/africa\/wp-json\/wp\/v2\/comments?post=6981"}],"version-history":[{"count":0,"href":"https:\/\/www.europesays.com\/africa\/wp-json\/wp\/v2\/posts\/6981\/revisions"}],"wp:featuredmedia":[{"embeddable":true,"href":"https:\/\/www.europesays.com\/africa\/wp-json\/wp\/v2\/media\/6982"}],"wp:attachment":[{"href":"https:\/\/www.europesays.com\/africa\/wp-json\/wp\/v2\/media?parent=6981"}],"wp:term":[{"taxonomy":"category","embeddable":true,"href":"https:\/\/www.europesays.com\/africa\/wp-json\/wp\/v2\/categories?post=6981"},{"taxonomy":"post_tag","embeddable":true,"href":"https:\/\/www.europesays.com\/africa\/wp-json\/wp\/v2\/tags?post=6981"}],"curies":[{"name":"wp","href":"https:\/\/api.w.org\/{rel}","templated":true}]}}