{"id":6983,"date":"2026-01-06T10:59:07","date_gmt":"2026-01-06T10:59:07","guid":{"rendered":"https:\/\/www.europesays.com\/africa\/6983\/"},"modified":"2026-01-06T10:59:07","modified_gmt":"2026-01-06T10:59:07","slug":"anta-babacar-ngom-enfin-retablie-dans-ses-droits","status":"publish","type":"post","link":"https:\/\/www.europesays.com\/africa\/6983\/","title":{"rendered":"Anta Babacar Ngom enfin r\u00e9tablie dans ses droits"},"content":{"rendered":"<p class=\"firstp\">Apr\u00e8s plusieurs ann\u00e9es de proc\u00e9dure judiciaire, la d\u00e9put\u00e9e et cheffe d\u2019entreprise Anta Babacar Ngom Diack a \u00e9t\u00e9 r\u00e9tablie dans ses droits dans l\u2019affaire de l\u2019hypoth\u00e8que frauduleuse de son immeuble situ\u00e9 aux Almadies, estim\u00e9 \u00e0 pr\u00e8s de 4 milliards de francs CFA.<\/p>\n<p data-start=\"441\" data-end=\"846\">Le dossier portait sur un immeuble R+5 en bordure de mer, qui avait \u00e9t\u00e9 ill\u00e9galement hypoth\u00e9qu\u00e9 sur la base de faux documents afin d\u2019obtenir un pr\u00eat bancaire aupr\u00e8s d\u2019Orabank. Les mis en cause, Momar Samb, Tamsir Ndiaye, Tahir Hann et Nd\u00e8ye Penda Dieng, sont soup\u00e7onn\u00e9s d\u2019avoir utilis\u00e9 une fausse procuration et de faux \u00e9tats financiers, pr\u00e9sentant frauduleusement le b\u00e2timent comme un simple immeuble nu.\n<\/p>\n<p data-start=\"848\" data-end=\"1191\">Lors de l\u2019audience devant la Cour d\u2019appel de Dakar, <a href=\"https:\/\/www.senenews.com\/actualites\/babacar-ngom-eleve-a-la-grand-croix-de-lordre-national-du-lion-la-fierte-emue-de-sa-fille-anta-babacar-ngom_570863.html\" rel=\"nofollow noopener\" target=\"_blank\">Anta Babacar Ngom Diack<\/a> a cat\u00e9goriquement ni\u00e9 toute implication dans une quelconque transaction. \u00ab Je n\u2019ai jamais vendu mon immeuble ni donn\u00e9 procuration \u00e0 qui que ce soit. Je ne connais pas ces individus. Il s\u2019agissait d\u2019une tentative manifeste de spoliation \u00bb, a-t-elle d\u00e9clar\u00e9 \u00e0 la barre.\n<\/p>\n<p data-start=\"1193\" data-end=\"1402\">L\u2019affaire, qui remonte \u00e0 2021, avait d\u00e9j\u00e0 donn\u00e9 lieu \u00e0 des condamnations en premi\u00e8re instance pour faux, usage de faux et usurpation d\u2019identit\u00e9. En appel, le Parquet avait requis la confirmation de ces peines.<\/p>\n<p data-start=\"1404\" data-end=\"1799\" data-is-last-node=\"\" data-is-only-node=\"\">Au terme de la proc\u00e9dure, la justice a annul\u00e9 l\u2019hypoth\u00e8que litigieuse et r\u00e9tabli pleinement les droits de la propri\u00e9taire. \u00c0 l\u2019issue de l\u2019audience, Mme Ngom s\u2019est dite soulag\u00e9e et satisfaite de la d\u00e9cision rendue. \u00ab Cette d\u00e9cision honore l\u2019institution judiciaire et envoie un signal fort contre les pratiques de faux et de spoliation fonci\u00e8re. La v\u00e9rit\u00e9 a fini par triompher \u00bb, a-t-elle affirm\u00e9.<\/p>\n","protected":false},"excerpt":{"rendered":"Apr\u00e8s plusieurs ann\u00e9es de proc\u00e9dure judiciaire, la d\u00e9put\u00e9e et cheffe d\u2019entreprise Anta Babacar Ngom Diack a \u00e9t\u00e9 r\u00e9tablie&hellip;\n","protected":false},"author":2,"featured_media":6984,"comment_status":"","ping_status":"","sticky":false,"template":"","format":"standard","meta":{"footnotes":""},"categories":[48],"tags":[5025,5026,159,163,239],"class_list":{"0":"post-6983","1":"post","2":"type-post","3":"status-publish","4":"format-standard","5":"has-post-thumbnail","7":"category-senegal","8":"tag-anta-babacar-ngom","9":"tag-hypotheque-frauduleuse","10":"tag-senegal","11":"tag-senegal-actualites","12":"tag-societe"},"share_on_mastodon":{"url":"","error":""},"_links":{"self":[{"href":"https:\/\/www.europesays.com\/africa\/wp-json\/wp\/v2\/posts\/6983","targetHints":{"allow":["GET"]}}],"collection":[{"href":"https:\/\/www.europesays.com\/africa\/wp-json\/wp\/v2\/posts"}],"about":[{"href":"https:\/\/www.europesays.com\/africa\/wp-json\/wp\/v2\/types\/post"}],"author":[{"embeddable":true,"href":"https:\/\/www.europesays.com\/africa\/wp-json\/wp\/v2\/users\/2"}],"replies":[{"embeddable":true,"href":"https:\/\/www.europesays.com\/africa\/wp-json\/wp\/v2\/comments?post=6983"}],"version-history":[{"count":0,"href":"https:\/\/www.europesays.com\/africa\/wp-json\/wp\/v2\/posts\/6983\/revisions"}],"wp:featuredmedia":[{"embeddable":true,"href":"https:\/\/www.europesays.com\/africa\/wp-json\/wp\/v2\/media\/6984"}],"wp:attachment":[{"href":"https:\/\/www.europesays.com\/africa\/wp-json\/wp\/v2\/media?parent=6983"}],"wp:term":[{"taxonomy":"category","embeddable":true,"href":"https:\/\/www.europesays.com\/africa\/wp-json\/wp\/v2\/categories?post=6983"},{"taxonomy":"post_tag","embeddable":true,"href":"https:\/\/www.europesays.com\/africa\/wp-json\/wp\/v2\/tags?post=6983"}],"curies":[{"name":"wp","href":"https:\/\/api.w.org\/{rel}","templated":true}]}}