{"id":7006,"date":"2026-01-06T11:13:09","date_gmt":"2026-01-06T11:13:09","guid":{"rendered":"https:\/\/www.europesays.com\/africa\/7006\/"},"modified":"2026-01-06T11:13:09","modified_gmt":"2026-01-06T11:13:09","slug":"air-algerie-un-vol-alger","status":"publish","type":"post","link":"https:\/\/www.europesays.com\/africa\/7006\/","title":{"rendered":"Air Alg\u00e9rie : un vol Alger"},"content":{"rendered":"<p class=\"p1\">Un vol de la compagnie a\u00e9rienne nationale <a href=\"https:\/\/www.visa-algerie.com\/en-images-air-algerie-devoile-le-dernier-avion-de-sa-nouvelle-flotte\/\" rel=\"nofollow noopener\" target=\"_blank\">Air Alg\u00e9rie<\/a> au d\u00e9part d\u2019Alger vers Paris-Charles de Gaulle (France), pr\u00e9vu en fin de journ\u00e9e d\u2019hier, lundi 5 janvier, a \u00e9t\u00e9 annul\u00e9. Voici la raison.<\/p>\n<p class=\"p1\">En France, une large partie de la r\u00e9gion parisienne est touch\u00e9e par un \u00e9pisode neigeux et de verglas depuis lundi matin, suscitant la perturbation du trafic a\u00e9rien dans les deux principaux a\u00e9roports de la capitale fran\u00e7aise.<\/p>\n<p>Un vol Air Alg\u00e9rie Alger \u2013 Paris-CDG pr\u00e9vu lundi soir annul\u00e9<\/p>\n<p class=\"p1\">La neige, qui a commenc\u00e9 \u00e0 tomber vers 16 heures, a recouvert les pistes des a\u00e9roports parisiens, \u00e0 savoir Roissy-CDG et Orly, rendant plus compliqu\u00e9s le d\u00e9collage et l\u2019atterrissage des avions.<\/p>\n<p class=\"p1\">Les op\u00e9rations de d\u00e9neigement ont \u00e9t\u00e9 aussit\u00f4t engag\u00e9es, mais les op\u00e9rations ont connu certaines perturbations. Selon des m\u00e9dias fran\u00e7ais, la direction g\u00e9n\u00e9rale de l\u2019Aviation civile a demand\u00e9 aux compagnies a\u00e9riennes de r\u00e9duire leur programme de vols de 15 %.<\/p>\n<p class=\"p1\">La r\u00e9duction du nombre de vols a \u00e9t\u00e9 d\u00e9cid\u00e9e afin de mener les op\u00e9rations de d\u00e9neigement des pistes et de d\u00e9givrage des avions. R\u00e9sultat, plusieurs vols au d\u00e9part et \u00e0 l\u2019arriv\u00e9e ont \u00e9t\u00e9 retard\u00e9s ou carr\u00e9ment annul\u00e9s. \u00a0<\/p>\n<p class=\"p1\">C\u2019est le cas du vol AH 1230 d\u2019Air Alg\u00e9rie, pr\u00e9vu au d\u00e9part de l\u2019a\u00e9roport d\u2019Alger vers <a href=\"https:\/\/www.visa-algerie.com\/aeroport-de-roissy-air-algerie-affiche-sa-nouvelle-regle-bagage\/\" rel=\"nofollow noopener\" target=\"_blank\">Paris-CDG<\/a> \u00e0 18 h 45, qui a \u00e9t\u00e9 annul\u00e9 en raison de la situation m\u00e9t\u00e9orologique dans l\u2019a\u00e9roport parisien. Le vol en question a \u00e9t\u00e9 affich\u00e9 sur le site Paris A\u00e9roport (ADP) avec le statut annul\u00e9.<\/p>\n<p>Vols Alg\u00e9rie \u2013 Paris\u00a0: aucun retard ou annulation pour ce mardi 6 janvier<\/p>\n<p class=\"p1\">L\u2019arriv\u00e9e d\u2019un autre vol d\u2019Air Alg\u00e9rie (AH 1008) au d\u00e9part d\u2019Alger vers Paris-Orly a \u00e9t\u00e9 retard\u00e9e de plus d\u2019une heure, toujours en raison de la situation m\u00e9t\u00e9orologique dans la capitale fran\u00e7aise.<\/p>\n<p class=\"p1\">Dans un communiqu\u00e9, A\u00e9roports de Paris a recommand\u00e9 aux passagers ayant pr\u00e9vu de voyager en avion d\u2019ici ce mardi 6 janvier de v\u00e9rifier le statut de leur vol avant de se d\u00e9placer et de privil\u00e9gier les transports en commun.<\/p>\n<p class=\"p1\">Mais pas de panique. Pour aujourd\u2019hui, mardi 6 janvier, tous les vols pr\u00e9vus entre l\u2019Alg\u00e9rie\u00a0et les deux a\u00e9roports parisiens sont maintenus dans leurs horaires initiaux. Aucune annulation ou retard n\u2019est pr\u00e9vu, a-t-on constat\u00e9 sur le programme du jour du site A\u00e9roport de Paris.\u00a0<\/p>\n","protected":false},"excerpt":{"rendered":"Un vol de la compagnie a\u00e9rienne nationale Air Alg\u00e9rie au d\u00e9part d\u2019Alger vers Paris-Charles de Gaulle (France), pr\u00e9vu&hellip;\n","protected":false},"author":2,"featured_media":7007,"comment_status":"","ping_status":"","sticky":false,"template":"","format":"standard","meta":{"footnotes":""},"categories":[254],"tags":[359,255],"class_list":{"0":"post-7006","1":"post","2":"type-post","3":"status-publish","4":"format-standard","5":"has-post-thumbnail","7":"category-algerie","8":"tag-air-algerie","9":"tag-algerie"},"share_on_mastodon":{"url":"","error":""},"_links":{"self":[{"href":"https:\/\/www.europesays.com\/africa\/wp-json\/wp\/v2\/posts\/7006","targetHints":{"allow":["GET"]}}],"collection":[{"href":"https:\/\/www.europesays.com\/africa\/wp-json\/wp\/v2\/posts"}],"about":[{"href":"https:\/\/www.europesays.com\/africa\/wp-json\/wp\/v2\/types\/post"}],"author":[{"embeddable":true,"href":"https:\/\/www.europesays.com\/africa\/wp-json\/wp\/v2\/users\/2"}],"replies":[{"embeddable":true,"href":"https:\/\/www.europesays.com\/africa\/wp-json\/wp\/v2\/comments?post=7006"}],"version-history":[{"count":0,"href":"https:\/\/www.europesays.com\/africa\/wp-json\/wp\/v2\/posts\/7006\/revisions"}],"wp:featuredmedia":[{"embeddable":true,"href":"https:\/\/www.europesays.com\/africa\/wp-json\/wp\/v2\/media\/7007"}],"wp:attachment":[{"href":"https:\/\/www.europesays.com\/africa\/wp-json\/wp\/v2\/media?parent=7006"}],"wp:term":[{"taxonomy":"category","embeddable":true,"href":"https:\/\/www.europesays.com\/africa\/wp-json\/wp\/v2\/categories?post=7006"},{"taxonomy":"post_tag","embeddable":true,"href":"https:\/\/www.europesays.com\/africa\/wp-json\/wp\/v2\/tags?post=7006"}],"curies":[{"name":"wp","href":"https:\/\/api.w.org\/{rel}","templated":true}]}}