{"id":7028,"date":"2026-01-06T11:25:41","date_gmt":"2026-01-06T11:25:41","guid":{"rendered":"https:\/\/www.europesays.com\/africa\/7028\/"},"modified":"2026-01-06T11:25:41","modified_gmt":"2026-01-06T11:25:41","slug":"tanzanie-les-compositions-probables-du-match-de-la-coupe-dafrique-des-nations-achraf-hakimi-titulaire","status":"publish","type":"post","link":"https:\/\/www.europesays.com\/africa\/7028\/","title":{"rendered":"Tanzanie. Les compositions probables du match de la Coupe d\u2019Afrique des nations\u00a0: Achraf Hakimi titulaire\u00a0?"},"content":{"rendered":"<p>La pression reste sur les \u00e9paules des Marocains. Apr\u00e8s une phase de groupes assur\u00e9e avec deux victoires et un match nul, ils entament la phase \u00e0 \u00e9limination directe avec <a href=\"https:\/\/www.ouest-france.fr\/sport\/football\/coupe-d-afrique-des-nations\/can-le-tableau-complet-des-8es-de-finale-de-la-coupe-dafrique-des-nations-2025-8c9c05f4-e5c3-11f0-91a5-1dde61cf54f7\" target=\"_self\" rel=\"nofollow noopener\">leur huiti\u00e8me de finale contre la Tanzanie<\/a>, ce dimanche 4\u00a0janvier 2026 (17\u00a0h).<\/p>\n<p>Au stade Prince Moulay Abdallah de Rabat, le pays organisateur pourrait compter sur le retour dans le onze de d\u00e9part d\u2019Achraf Hakimi. Bless\u00e9 \u00e0 la cheville, le lat\u00e9ral marocain du Paris Saint-Germain est entr\u00e9 en cours de jeu face \u00e0 la Zambie (0-3), le 29\u00a0d\u00e9cembre, lors du dernier match de la phase de groupes. Il pourrait \u00eatre apte \u00e0 d\u00e9buter la rencontre.<\/p>\n<p>        El Kaabi et Brahim Diaz en attaque\u00a0?<\/p>\n<p>Dans l\u2019autre couloir, Noussair Mazraoui, tr\u00e8s solide depuis le d\u00e9but de cette CAN, devrait de nouveau trouver sa place, tout comme Ounahi au c\u0153ur du jeu. Devant, pour animer le jeu offensif, El Kaabi et Brahim Diaz devraient \u00eatre align\u00e9s.<\/p>\n<p>Lire aussi\u00a0:\u00a0<a href=\"https:\/\/www.ouest-france.fr\/sport\/football\/coupe-d-afrique-des-nations\/reportage-posez-juste-deux-questions-voyage-au-cur-de-la-zone-mixte-de-la-can-2025-et-de-ses-exces-2209f23a-e7f0-11f0-9b78-7c77e15311d5\" target=\"_self\" rel=\"nofollow noopener\">REPORTAGE. \u00ab\u00a0Posez juste deux questions\u00a0\u00bb\u00a0: voyage au c\u0153ur de la zone mixte de la CAN 2025 et de ses exc\u00e8s<\/a><\/p>\n<p>De son c\u00f4t\u00e9, la Tanzanie disputera la premi\u00e8re phase finale de son histoire. Face \u00e0 une des nations favorites de cette comp\u00e9tition, la mission des Taifa Stars s\u2019annonce tr\u00e8s rude apr\u00e8s une d\u00e9faite et deux matches nuls en phase de groupes.<\/p>\n<p>        Les compositions probables de Maroc-Tanzanie<\/p>\n<p>MAROC\u00a0: Bounou &#8211; Hakimi, Aguerd, Masina, Mazraoui &#8211; El Aynaoui, Amrabat, Ounahi &#8211; Brahim Diaz, El Kaabi, Abde.<\/p>\n<p>Entra\u00eeneur\u00a0: Walid Regragui.<\/p>\n<p>TANZANIE\u00a0: Foba &#8211; Job, Mwamnyeto, Hamad, Hussein &#8211; Msanga, Miroshi &#8211; Mnoga, Salum, Msuva &#8211; Samatta.<\/p>\n<p>Entra\u00eeneur\u00a0: Miguel Gamondi.<\/p>\n","protected":false},"excerpt":{"rendered":"La pression reste sur les \u00e9paules des Marocains. Apr\u00e8s une phase de groupes assur\u00e9e avec deux victoires et&hellip;\n","protected":false},"author":2,"featured_media":7029,"comment_status":"","ping_status":"","sticky":false,"template":"","format":"standard","meta":{"footnotes":""},"categories":[62],"tags":[4057,64,940,3254,4165,311,158,310],"class_list":{"0":"post-7028","1":"post","2":"type-post","3":"status-publish","4":"format-standard","5":"has-post-thumbnail","7":"category-afrique","8":"tag-actualite-en-continu","9":"tag-afrique","10":"tag-coupe-dafrique-des-nations","11":"tag-equipe-du-maroc-de-football","12":"tag-equipe-tanzanie-football","13":"tag-football","14":"tag-maroc","15":"tag-sport"},"share_on_mastodon":{"url":"","error":""},"_links":{"self":[{"href":"https:\/\/www.europesays.com\/africa\/wp-json\/wp\/v2\/posts\/7028","targetHints":{"allow":["GET"]}}],"collection":[{"href":"https:\/\/www.europesays.com\/africa\/wp-json\/wp\/v2\/posts"}],"about":[{"href":"https:\/\/www.europesays.com\/africa\/wp-json\/wp\/v2\/types\/post"}],"author":[{"embeddable":true,"href":"https:\/\/www.europesays.com\/africa\/wp-json\/wp\/v2\/users\/2"}],"replies":[{"embeddable":true,"href":"https:\/\/www.europesays.com\/africa\/wp-json\/wp\/v2\/comments?post=7028"}],"version-history":[{"count":0,"href":"https:\/\/www.europesays.com\/africa\/wp-json\/wp\/v2\/posts\/7028\/revisions"}],"wp:featuredmedia":[{"embeddable":true,"href":"https:\/\/www.europesays.com\/africa\/wp-json\/wp\/v2\/media\/7029"}],"wp:attachment":[{"href":"https:\/\/www.europesays.com\/africa\/wp-json\/wp\/v2\/media?parent=7028"}],"wp:term":[{"taxonomy":"category","embeddable":true,"href":"https:\/\/www.europesays.com\/africa\/wp-json\/wp\/v2\/categories?post=7028"},{"taxonomy":"post_tag","embeddable":true,"href":"https:\/\/www.europesays.com\/africa\/wp-json\/wp\/v2\/tags?post=7028"}],"curies":[{"name":"wp","href":"https:\/\/api.w.org\/{rel}","templated":true}]}}