{"id":703,"date":"2026-01-03T16:22:06","date_gmt":"2026-01-03T16:22:06","guid":{"rendered":"https:\/\/www.europesays.com\/africa\/703\/"},"modified":"2026-01-03T16:22:06","modified_gmt":"2026-01-03T16:22:06","slug":"la-troublante-interrogation-dun-journaliste-marocain","status":"publish","type":"post","link":"https:\/\/www.europesays.com\/africa\/703\/","title":{"rendered":"La troublante interrogation d&#8217;un journaliste marocain"},"content":{"rendered":"<p style=\"text-align: justify;\" data-start=\"0\" data-end=\"265\">Une simple question, mais aux r\u00e9sonances profondes. Le journaliste marocain Khalid Yassine a raviv\u00e9 la pol\u00e9mique et ouvert un d\u00e9bat br\u00fblant autour du Maroc et de ses chances de remporter la CAN 2025 que le royaume ch\u00e9rifien accueille sur son sol.<\/p>\n<p style=\"text-align: justify;\" data-start=\"267\" data-end=\"595\">En toile de fond, une rumeur persistante selon laquelle le s\u00e9lectionneur des Lions de l\u2019Atlas, Walid Regragui, aurait re\u00e7u des garanties au plus haut sommet de la F\u00e9d\u00e9ration, incarn\u00e9e par son pr\u00e9sident et figure centrale du football marocain, Fouzi Lekjaa, quant \u00e0 une cons\u00e9cration finale \u00e0 la Coupe d\u2019Afrique des nations.<\/p>\n<p style=\"text-align: justify;\" data-start=\"597\" data-end=\"1057\">\u00c0 l\u2019origine de cette interrogation, l\u2019attitude \u00e9tonnamment sereine de Regragui, au beau milieu de la temp\u00eate m\u00e9diatique provoqu\u00e9e par le match nul conc\u00e9d\u00e9 par le Maroc face au Mali, lors de son deuxi\u00e8me match du premier tour de la CAN. L\u00e0 o\u00f9 la pression populaire et m\u00e9diatique s\u2019intensifiait, le s\u00e9lectionneur affichait un calme olympien, multipliant les prises de parole assur\u00e9es, parfois teint\u00e9es d\u2019une confiance jug\u00e9e excessive par certains observateurs.<\/p>\n<p>Le sang-froid de Regragui et l\u2019ombre de Lekjaa<\/p>\n<p style=\"text-align: justify;\" data-start=\"1113\" data-end=\"1498\">Pour Khalid Yassine, cette posture interroge. Comment expliquer une telle s\u00e9r\u00e9nit\u00e9 et une communication aussi affirm\u00e9e, donnant parfois le sentiment que le titre continental serait presque acquis ? Le journaliste va plus loin et pose une question lourde de sens : Walid Regragui b\u00e9n\u00e9ficierait-il de garanties politiques ou institutionnelles quant \u00e0 l\u2019issue finale de la comp\u00e9tition ?<\/p>\n<p style=\"text-align: justify;\" data-start=\"1500\" data-end=\"1884\">Une hypoth\u00e8se qui, sans preuve tangible, nourrit n\u00e9anmoins le d\u00e9bat. Car le football, et la Coupe d\u2019Afrique des nations en particulier, est r\u00e9put\u00e9 pour son impr\u00e9visibilit\u00e9. Historiquement, la CAN ne pardonne ni l\u2019exc\u00e8s de confiance ni les certitudes pr\u00e9matur\u00e9es. Les surprises y sont l\u00e9gion, et m\u00eame les grandes nations y ont souvent tr\u00e9buch\u00e9 au moment o\u00f9 on les attendait le moins.<\/p>\n<p style=\"text-align: justify;\" data-start=\"1886\" data-end=\"2176\">Si certains y voient simplement la marque d\u2019un leader s\u00fbr de son groupe et de son projet, d\u2019autres s\u2019interrogent sur les ressorts r\u00e9els de cette assurance, dans un contexte o\u00f9 Fouzi Lekjaa demeure une figure influente, voire omnipotente, au sein des instances footballistiques africaines.<\/p>\n<p style=\"text-align: justify;\" data-start=\"2178\" data-end=\"2462\">En tout cas, au moment o\u00f9 la pol\u00e9mique enfle, le Maroc ne devrait pas \u00eatre g\u00ean\u00e9 par le Tanzanie pour atteindre les quarts de finale dans un premier temps. Qualifi\u00e9 avec deux points seulement, la Tanzanie offre un tirage favorable au pays h\u00f4te, qui avance pour le moment sur du velours.<\/p>\n<p style=\"text-align: justify;\" data-start=\"2464\" data-end=\"2786\" data-is-last-node=\"\" data-is-only-node=\"\">\u00c0 ce stade, il ne s\u2019agit que de rumeurs et de questionnements m\u00e9diatiques. Mais dans un environnement aussi expos\u00e9 que celui de la CAN, o\u00f9 chaque mot est diss\u00e9qu\u00e9, ces interrogations suffisent \u00e0 installer le doute et \u00e0 nourrir la controverse. Seul le verdict du terrain viendra, in fine, confirmer ou balayer ces soup\u00e7ons.<\/p>\n<p>LIRE EGALEMENT : <a href=\"https:\/\/lagazettedufennec.com\/algerie-can-2025-outre-chergui-et-hadjam-un-autre-fennec-manque-a-lappel\/\" rel=\"nofollow noopener\" target=\"_blank\">Alg\u00e9rie \/ CAN 2025 : Outre Chergui et Hadjam, un autre Fennec manque \u00e0 l\u2019appel<\/a><\/p>\n","protected":false},"excerpt":{"rendered":"Une simple question, mais aux r\u00e9sonances profondes. Le journaliste marocain Khalid Yassine a raviv\u00e9 la pol\u00e9mique et ouvert&hellip;\n","protected":false},"author":2,"featured_media":704,"comment_status":"","ping_status":"","sticky":false,"template":"","format":"standard","meta":{"footnotes":""},"categories":[41],"tags":[179,547,966,967,158,968,969,970],"class_list":{"0":"post-703","1":"post","2":"type-post","3":"status-publish","4":"format-standard","5":"has-post-thumbnail","7":"category-maroc","8":"tag-can-2025","9":"tag-coupe-dafrique","10":"tag-khalid-yassine","11":"tag-khalid-yassine-maroc","12":"tag-maroc","13":"tag-maroc-can","14":"tag-maroc-can-2025","15":"tag-maroc-coupe-dafrique"},"share_on_mastodon":{"url":"","error":""},"_links":{"self":[{"href":"https:\/\/www.europesays.com\/africa\/wp-json\/wp\/v2\/posts\/703","targetHints":{"allow":["GET"]}}],"collection":[{"href":"https:\/\/www.europesays.com\/africa\/wp-json\/wp\/v2\/posts"}],"about":[{"href":"https:\/\/www.europesays.com\/africa\/wp-json\/wp\/v2\/types\/post"}],"author":[{"embeddable":true,"href":"https:\/\/www.europesays.com\/africa\/wp-json\/wp\/v2\/users\/2"}],"replies":[{"embeddable":true,"href":"https:\/\/www.europesays.com\/africa\/wp-json\/wp\/v2\/comments?post=703"}],"version-history":[{"count":0,"href":"https:\/\/www.europesays.com\/africa\/wp-json\/wp\/v2\/posts\/703\/revisions"}],"wp:featuredmedia":[{"embeddable":true,"href":"https:\/\/www.europesays.com\/africa\/wp-json\/wp\/v2\/media\/704"}],"wp:attachment":[{"href":"https:\/\/www.europesays.com\/africa\/wp-json\/wp\/v2\/media?parent=703"}],"wp:term":[{"taxonomy":"category","embeddable":true,"href":"https:\/\/www.europesays.com\/africa\/wp-json\/wp\/v2\/categories?post=703"},{"taxonomy":"post_tag","embeddable":true,"href":"https:\/\/www.europesays.com\/africa\/wp-json\/wp\/v2\/tags?post=703"}],"curies":[{"name":"wp","href":"https:\/\/api.w.org\/{rel}","templated":true}]}}