{"id":7032,"date":"2026-01-06T11:27:12","date_gmt":"2026-01-06T11:27:12","guid":{"rendered":"https:\/\/www.europesays.com\/africa\/7032\/"},"modified":"2026-01-06T11:27:12","modified_gmt":"2026-01-06T11:27:12","slug":"algerie-rd-congo-pourquoi-le-fbi-sera-present-a-rabat-pour-le-8e-de-finale-de-la-can-2025","status":"publish","type":"post","link":"https:\/\/www.europesays.com\/africa\/7032\/","title":{"rendered":"Alg\u00e9rie-RD Congo: pourquoi le FBI sera pr\u00e9sent \u00e0 Rabat pour le 8e de finale de la CAN 2025"},"content":{"rendered":"<p class=\"mb-4 text-lg md:leading-8 break-words\">Un choc tr\u00e8s attendu sur mais aussi en dehors du terrain. Ce mardi \u00e0 17h, l&#8217;Alg\u00e9rie d\u00e9fie la R\u00e9publique d\u00e9mocratique du Congo dans le cadre <a href=\"https:\/\/fr.news.yahoo.com\/sport\/alg%C3%A9rie-rd-congo-fennecs-pr%C3%A9parent-091936178.html\" data-ylk=\"slk:de l&#039;avant-dernier huiti\u00e8me de finale de la CAN 2025 au Maroc;elm:context_link;itc:0;sec:content-canvas;outcm:mb_qualified_link;_E:mb_qualified_link;ct:story;\" class=\"link  yahoo-link\" rel=\"nofollow noopener\" target=\"_blank\">de l&#8217;avant-dernier huiti\u00e8me de finale de la CAN 2025 au Maroc<\/a>. Les 22 acteurs de la rencontre \u00e9volueront dans le stade flambant neuf du Prince Moulay El Hassan de Rabat, pouvant accueillir plus de 65.000 personnes.<\/p>\n<p class=\"mb-4 text-lg md:leading-8 break-words\">\u00c0 cette occasion, une d\u00e9l\u00e9gation du FBI a fait le d\u00e9placement et observera la gestion du match par les autorit\u00e9s marocaines, selon un communiqu\u00e9 transmis <a href=\"https:\/\/ar.le360.ma\/societe\/ZNKIWWWR5RERHBVHXUV7S2B2XI\/\" rel=\"nofollow noopener\" target=\"_blank\" data-ylk=\"slk:aux m\u00e9dias marocains;elm:context_link;itc:0;sec:content-canvas\" class=\"link \">aux m\u00e9dias marocains<\/a>.<\/p>\n<p>L&#8217;accueil des supporters \u00e9trangers scrut\u00e9<\/p>\n<p class=\"mb-4 text-lg md:leading-8 break-words\">Arriv\u00e9s ce dimanche, les agents am\u00e9ricains (conduits par Douglas Olson, directeur des op\u00e9rations au sein de la division des services d\u2019intervention sur le terrain et Kevin Kowalski, directeur adjoint du groupe d\u2019intervention en situation d\u2019urgence) ont d\u00e9j\u00e0 pu observer le dispositif de s\u00e9curit\u00e9 mis en place pour <a href=\"https:\/\/fr.news.yahoo.com\/sport\/can-2025-vendredi-climatise-pays-001825035.html\" data-ylk=\"slk:Maroc-Tanzanie;elm:context_link;itc:0;sec:content-canvas;outcm:mb_qualified_link;_E:mb_qualified_link;ct:story;\" class=\"link  yahoo-link\" rel=\"nofollow noopener\" target=\"_blank\">Maroc-Tanzanie<\/a>. D\u00e9ploiement des unit\u00e9s de terrain, niveaux de filtrage et de contr\u00f4le, recours aux syst\u00e8mes de vid\u00e9osurveillance de haute pr\u00e9cision, utilisation de drones&#8230; Tout a \u00e9t\u00e9 pass\u00e9 au peigne fin.<\/p>\n<p class=\"mb-4 text-lg md:leading-8 break-words\">Et rebelote ce mardi. Cette fois-ci, le FBI se concentrera sur l&#8217;accueil et l&#8217;encadrement des supporters \u00e9trangers, tout comme la coordination entre la police marocaine et les forces de l&#8217;ordre \u00e9trang\u00e8res d\u00e9ploy\u00e9es durant la comp\u00e9tition.<\/p>\n<p class=\"mb-4 text-lg md:leading-8 break-words\">L&#8217;objectif de cette visite: engranger un maximum d&#8217;informations avant <a href=\"https:\/\/fr.news.yahoo.com\/sport\/coupe-monde-2026-150-millions-141136026.html\" data-ylk=\"slk:l&#039;organisation de la Coupe du monde 2026 aux \u00c9tats-Unis, au Mexique et au Canada;elm:context_link;itc:0;sec:content-canvas;outcm:mb_qualified_link;_E:mb_qualified_link;ct:story;\" class=\"link  yahoo-link\" rel=\"nofollow noopener\" target=\"_blank\">l&#8217;organisation de la Coupe du monde 2026 aux \u00c9tats-Unis, au Mexique et au Canada<\/a>. Le m\u00eame type de coop\u00e9ration s\u00e9curitaire internationale y sera mis en place, la Fifa l&#8217;imposant pour ce type d&#8217;\u00e9v\u00e9nement. La collaboration entre le Maroc et les \u00c9tats-Unis \u00e0 ce sujet est d&#8217;ailleurs amen\u00e9e \u00e0 se poursuivre ces prochaines ann\u00e9es jusqu&#8217;\u00e0 la Coupe du monde 2030, organis\u00e9e en Espagne, au Portugal et&#8230; au Maroc.<\/p>\n<p class=\"mb-4 text-lg md:leading-8 break-words\"><a href=\"https:\/\/rmcsport.bfmtv.com\/football\/coupe-d-afrique-des-nations\/algerie-rd-congo-pourquoi-le-fbi-sera-present-a-rabat-pour-le-8e-de-finale-de-la-can-2025_AV-202601060443.html#xtor=AL-68\" rel=\"nofollow noopener\" target=\"_blank\" data-ylk=\"slk:Article original publi\u00e9 sur RMC Sport;elm:context_link;itc:0;sec:content-canvas\" class=\"link \">Article original publi\u00e9 sur RMC Sport<\/a><\/p>\n","protected":false},"excerpt":{"rendered":"Un choc tr\u00e8s attendu sur mais aussi en dehors du terrain. Ce mardi \u00e0 17h, l&#8217;Alg\u00e9rie d\u00e9fie la&hellip;\n","protected":false},"author":2,"featured_media":7033,"comment_status":"","ping_status":"","sticky":false,"template":"","format":"standard","meta":{"footnotes":""},"categories":[254],"tags":[255,5039,5041,5043,5042,158,5038,5040],"class_list":{"0":"post-7032","1":"post","2":"type-post","3":"status-publish","4":"format-standard","5":"has-post-thumbnail","7":"category-algerie","8":"tag-algerie","9":"tag-directeur-des-operations","10":"tag-douglas-olson","11":"tag-fbi","12":"tag-kevin-kowalski","13":"tag-maroc","14":"tag-republique-democratique-du-congo","15":"tag-systemes-de-videosurveillance"},"share_on_mastodon":{"url":"","error":""},"_links":{"self":[{"href":"https:\/\/www.europesays.com\/africa\/wp-json\/wp\/v2\/posts\/7032","targetHints":{"allow":["GET"]}}],"collection":[{"href":"https:\/\/www.europesays.com\/africa\/wp-json\/wp\/v2\/posts"}],"about":[{"href":"https:\/\/www.europesays.com\/africa\/wp-json\/wp\/v2\/types\/post"}],"author":[{"embeddable":true,"href":"https:\/\/www.europesays.com\/africa\/wp-json\/wp\/v2\/users\/2"}],"replies":[{"embeddable":true,"href":"https:\/\/www.europesays.com\/africa\/wp-json\/wp\/v2\/comments?post=7032"}],"version-history":[{"count":0,"href":"https:\/\/www.europesays.com\/africa\/wp-json\/wp\/v2\/posts\/7032\/revisions"}],"wp:featuredmedia":[{"embeddable":true,"href":"https:\/\/www.europesays.com\/africa\/wp-json\/wp\/v2\/media\/7033"}],"wp:attachment":[{"href":"https:\/\/www.europesays.com\/africa\/wp-json\/wp\/v2\/media?parent=7032"}],"wp:term":[{"taxonomy":"category","embeddable":true,"href":"https:\/\/www.europesays.com\/africa\/wp-json\/wp\/v2\/categories?post=7032"},{"taxonomy":"post_tag","embeddable":true,"href":"https:\/\/www.europesays.com\/africa\/wp-json\/wp\/v2\/tags?post=7032"}],"curies":[{"name":"wp","href":"https:\/\/api.w.org\/{rel}","templated":true}]}}