{"id":7058,"date":"2026-01-06T11:44:45","date_gmt":"2026-01-06T11:44:45","guid":{"rendered":"https:\/\/www.europesays.com\/africa\/7058\/"},"modified":"2026-01-06T11:44:45","modified_gmt":"2026-01-06T11:44:45","slug":"course-poursuite-sur-lautoroute-entre-autocars-de-type-ndiaga-ndiaye-se-termine-par-un-accident-et-des-arrestations","status":"publish","type":"post","link":"https:\/\/www.europesays.com\/africa\/7058\/","title":{"rendered":"course-poursuite sur l\u2019autoroute entre autocars de type \u00ab Ndiaga Ndiaye \u00bb se termine par un accident et des arrestations"},"content":{"rendered":"<p>\n\t\t\t\t\t La Section des accidents du Commissariat Central de Dakar a proc\u00e9d\u00e9, le 31 d\u00e9cembre 2025, \u00e0 l\u2019interpellation et au d\u00e9ferrement au parquet de deux chauffeurs d\u2019autocars impliqu\u00e9s dans un accident spectaculaire sur l\u2019autoroute, informe la Police nationale. <br \/>\u00a0 <br \/>Aux alentours de 20h30, les deux chauffeurs de Ndiaga Ndiaye se sont engag\u00e9s dans une v\u00e9ritable course de vitesse pour \u00eatre les premiers \u00e0 Colobane et embarquer leurs clients. Leur conduite dangereuse, refus de d\u00e9passer et man\u0153uvres visant \u00e0 emp\u00eacher tout passage ont entra\u00een\u00e9 le renversement des deux v\u00e9hicules sur la chauss\u00e9e, provoquant un blocage total de la circulation et un embouteillage de plus de deux kilom\u00e8tres sur l\u2019axe autoroutier. <br \/>\u00a0 <br \/>En raison de ces violations manifestes du Code de la route et de la mise en danger d\u2019autrui, les deux chauffeurs ont \u00e9t\u00e9 plac\u00e9s en garde \u00e0 vue puis d\u00e9f\u00e9r\u00e9s devant les autorit\u00e9s judiciaires pour r\u00e9pondre de leurs actes.\n\t\t\t\t <\/p>\n","protected":false},"excerpt":{"rendered":"La Section des accidents du Commissariat Central de Dakar a proc\u00e9d\u00e9, le 31 d\u00e9cembre 2025, \u00e0 l\u2019interpellation et&hellip;\n","protected":false},"author":2,"featured_media":7059,"comment_status":"","ping_status":"","sticky":false,"template":"","format":"standard","meta":{"footnotes":""},"categories":[48],"tags":[64,274,279,273,277,278,271,281,283,272,280,276,275,159,282],"class_list":{"0":"post-7058","1":"post","2":"type-post","3":"status-publish","4":"format-standard","5":"has-post-thumbnail","7":"category-senegal","8":"tag-afrique","9":"tag-aliou-cisse","10":"tag-amadou-ba","11":"tag-apr","12":"tag-bassirou-diomaye-faye","13":"tag-bathelemy-dias","14":"tag-dakar","15":"tag-el-malick-ndiaye","16":"tag-guy-marius-sagna","17":"tag-macky-sall","18":"tag-madiambal-diagne","19":"tag-ousmane-sonko","20":"tag-pastef","21":"tag-senegal","22":"tag-ziguinchor"},"share_on_mastodon":{"url":"","error":""},"_links":{"self":[{"href":"https:\/\/www.europesays.com\/africa\/wp-json\/wp\/v2\/posts\/7058","targetHints":{"allow":["GET"]}}],"collection":[{"href":"https:\/\/www.europesays.com\/africa\/wp-json\/wp\/v2\/posts"}],"about":[{"href":"https:\/\/www.europesays.com\/africa\/wp-json\/wp\/v2\/types\/post"}],"author":[{"embeddable":true,"href":"https:\/\/www.europesays.com\/africa\/wp-json\/wp\/v2\/users\/2"}],"replies":[{"embeddable":true,"href":"https:\/\/www.europesays.com\/africa\/wp-json\/wp\/v2\/comments?post=7058"}],"version-history":[{"count":0,"href":"https:\/\/www.europesays.com\/africa\/wp-json\/wp\/v2\/posts\/7058\/revisions"}],"wp:featuredmedia":[{"embeddable":true,"href":"https:\/\/www.europesays.com\/africa\/wp-json\/wp\/v2\/media\/7059"}],"wp:attachment":[{"href":"https:\/\/www.europesays.com\/africa\/wp-json\/wp\/v2\/media?parent=7058"}],"wp:term":[{"taxonomy":"category","embeddable":true,"href":"https:\/\/www.europesays.com\/africa\/wp-json\/wp\/v2\/categories?post=7058"},{"taxonomy":"post_tag","embeddable":true,"href":"https:\/\/www.europesays.com\/africa\/wp-json\/wp\/v2\/tags?post=7058"}],"curies":[{"name":"wp","href":"https:\/\/api.w.org\/{rel}","templated":true}]}}