{"id":7078,"date":"2026-01-06T11:57:10","date_gmt":"2026-01-06T11:57:10","guid":{"rendered":"https:\/\/www.europesays.com\/africa\/7078\/"},"modified":"2026-01-06T11:57:10","modified_gmt":"2026-01-06T11:57:10","slug":"un-invite-surprise-au-stade-pour-le-match-algerie-rd-congo-can-2025-8es-algerie-rdc","status":"publish","type":"post","link":"https:\/\/www.europesays.com\/africa\/7078\/","title":{"rendered":"Un invit\u00e9 surprise au stade pour le match Alg\u00e9rie-RD Congo &#8211; CAN 2025 &#8211; 8es &#8211; Alg\u00e9rie-RDC"},"content":{"rendered":"<p data-start=\"58\" data-end=\"590\"><a target=\"_blank\" href=\"https:\/\/www.sofoot.com\/articles\/can-2025-algerie-rdc-pourquoi-on-adore-gael-kakuta\" rel=\"nofollow noopener\">Tout \u00e7a parce que Kakuta est un danger.<\/a><\/p>\n<p data-start=\"58\" data-end=\"590\">Alg\u00e9rie\u2013RD Congo, c\u2019est d\u00e9j\u00e0 un huiti\u00e8me qui promet sur le terrain. Ce sera aussi un match observ\u00e9 de tr\u00e8s pr\u00e8s en dehors. Ce mardi \u00e0 Rabat, une d\u00e9l\u00e9gation du FBI (Federal Bureau of Investigation)\u00a0sera pr\u00e9sente pour assister \u00e0 la rencontre entre les Alg\u00e9rie et la R\u00e9publique d\u00e9mocratique du Congo, disput\u00e9e au Stade Prince Moulay Abdellah, selon un communiqu\u00e9 transmis aux m\u00e9dias marocains, comme rapport\u00e9 par RMC Sport. Pas de badge secret ni de lunettes noires : les agents viennent surtout regarder comment le Maroc g\u00e8re un match \u00e0 haute tension.<\/p>\n<p>Un entra\u00eenement grandeur nature avant 2026<\/p>\n<p data-start=\"644\" data-end=\"1248\" data-is-last-node=\"\" data-is-only-node=\"\">Arriv\u00e9s ce week-end, les repr\u00e9sentants am\u00e9ricains ont d\u00e9j\u00e0 pris des notes lors de Maroc\u2013Tanzanie : contr\u00f4les, filtrage, vid\u00e9osurveillance, drones, coordination polici\u00e8re\u2026 Pour Alg\u00e9rie\u2013RDC, le focus sera mis sur l\u2019accueil et l\u2019encadrement des supporters \u00e9trangers, toujours un moment sensible dans ce genre de rendez-vous.<\/p>\n<p data-start=\"644\" data-end=\"1248\" data-is-last-node=\"\" data-is-only-node=\"\">L\u2019objectif est clair : pr\u00e9parer la Coupe du monde 2026, organis\u00e9e aux \u00c9tats-Unis, au Canada et au Mexique, o\u00f9 la FIFA imposera le m\u00eame type de dispositif.<\/p>\n<p data-start=\"644\" data-end=\"1248\" data-is-last-node=\"\" data-is-only-node=\"\">Pendant que les Fennecs et les L\u00e9opards joueront leur place en quarts, le FBI, lui, fera du rep\u00e9rage. Chacun sa comp\u00e9tition.<\/p>\n<p>\t\t\t\t\t\t\t\t\t\t<a class=\"lien-connexe\" href=\"https:\/\/www.sofoot.com\/breves\/can-2025-des-supporters-congolais-chambrent-riyad-mahrez-au-pied-de-lhotel-de-lalgerie\" rel=\"nofollow noopener\" target=\"_blank\">Des supporters congolais chambrent Riyad Mahrez au pied de l\u2019h\u00f4tel de l\u2019Alg\u00e9rie<\/a>\t\t\t\t\t<\/p>\n","protected":false},"excerpt":{"rendered":"Tout \u00e7a parce que Kakuta est un danger. Alg\u00e9rie\u2013RD Congo, c\u2019est d\u00e9j\u00e0 un huiti\u00e8me qui promet sur le&hellip;\n","protected":false},"author":2,"featured_media":7079,"comment_status":"","ping_status":"","sticky":false,"template":"","format":"standard","meta":{"footnotes":""},"categories":[254],"tags":[1213,1211,255,1219,1215,1214,311,1218,1216,1212,1080,1217],"class_list":{"0":"post-7078","1":"post","2":"type-post","3":"status-publish","4":"format-standard","5":"has-post-thumbnail","7":"category-algerie","8":"tag-actualite","9":"tag-actus-football","10":"tag-algerie","11":"tag-bundesliga","12":"tag-championnats-europeens","13":"tag-equipe-de-france","14":"tag-football","15":"tag-ligua","16":"tag-ligue-1","17":"tag-news-foot","18":"tag-premier-league","19":"tag-serie-a"},"share_on_mastodon":{"url":"","error":""},"_links":{"self":[{"href":"https:\/\/www.europesays.com\/africa\/wp-json\/wp\/v2\/posts\/7078","targetHints":{"allow":["GET"]}}],"collection":[{"href":"https:\/\/www.europesays.com\/africa\/wp-json\/wp\/v2\/posts"}],"about":[{"href":"https:\/\/www.europesays.com\/africa\/wp-json\/wp\/v2\/types\/post"}],"author":[{"embeddable":true,"href":"https:\/\/www.europesays.com\/africa\/wp-json\/wp\/v2\/users\/2"}],"replies":[{"embeddable":true,"href":"https:\/\/www.europesays.com\/africa\/wp-json\/wp\/v2\/comments?post=7078"}],"version-history":[{"count":0,"href":"https:\/\/www.europesays.com\/africa\/wp-json\/wp\/v2\/posts\/7078\/revisions"}],"wp:featuredmedia":[{"embeddable":true,"href":"https:\/\/www.europesays.com\/africa\/wp-json\/wp\/v2\/media\/7079"}],"wp:attachment":[{"href":"https:\/\/www.europesays.com\/africa\/wp-json\/wp\/v2\/media?parent=7078"}],"wp:term":[{"taxonomy":"category","embeddable":true,"href":"https:\/\/www.europesays.com\/africa\/wp-json\/wp\/v2\/categories?post=7078"},{"taxonomy":"post_tag","embeddable":true,"href":"https:\/\/www.europesays.com\/africa\/wp-json\/wp\/v2\/tags?post=7078"}],"curies":[{"name":"wp","href":"https:\/\/api.w.org\/{rel}","templated":true}]}}