{"id":7080,"date":"2026-01-06T11:58:10","date_gmt":"2026-01-06T11:58:10","guid":{"rendered":"https:\/\/www.europesays.com\/africa\/7080\/"},"modified":"2026-01-06T11:58:10","modified_gmt":"2026-01-06T11:58:10","slug":"pape-cheikh-diallo-adresse-un-message-fort-de-gratitude-a-son-public","status":"publish","type":"post","link":"https:\/\/www.europesays.com\/africa\/7080\/","title":{"rendered":"Pape Cheikh Diallo adresse un message fort de gratitude \u00e0 son public"},"content":{"rendered":"<p class=\"firstp\">Pape Cheikh Diallo a marqu\u00e9 un moment fort de son parcours professionnel en c\u00e9l\u00e9brant ses 30 ann\u00e9es de carri\u00e8re. \u00c0 cette occasion symbolique, le journaliste et animateur s\u00e9n\u00e9galais a rendu un vibrant hommage \u00e0 celles et ceux qui l\u2019accompagnent depuis ses d\u00e9buts : ses fans, fid\u00e8les t\u00e9l\u00e9spectateurs et admirateurs.<\/p>\n<p data-start=\"468\" data-end=\"887\">Dans un message empreint d\u2019\u00e9motion et de reconnaissance, <a href=\"https:\/\/www.senenews.com\/senenews-people\/grand-bal-de-youssou-ndour-pape-cheikh-diallo-en-profite-et-signe-un-retour-tres-remarque-a-la-dakar-arena-video_571565.html\" rel=\"nofollow noopener\" target=\"_blank\">Pape Cheikh Diallo<\/a> rappelle que son parcours ne s\u2019est jamais construit en solitaire. \u00ab Depuis le premier jour, vous \u00e9tiez l\u00e0 \u00bb, souligne-t-il, \u00e9voquant la pr\u00e9sence constante de son public dans les maisons, les quartiers, la diaspora et partout au c\u0153ur du S\u00e9n\u00e9gal. Un soutien qui, selon lui, a \u00e9t\u00e9 d\u00e9terminant dans sa long\u00e9vit\u00e9 et sa r\u00e9silience face aux \u00e9preuves.\n<\/p>\n<p data-start=\"889\" data-end=\"1195\">L\u2019homme de m\u00e9dias confie avoir grandi gr\u00e2ce \u00e0 son audience : port\u00e9, corrig\u00e9 parfois, encourag\u00e9 souvent et aim\u00e9 sinc\u00e8rement. Il insiste sur l\u2019importance de chaque message, chaque mot sur les r\u00e9seaux sociaux et chaque signe d\u2019affection, qu\u2019il consid\u00e8re comme une force, une responsabilit\u00e9 et une b\u00e9n\u00e9diction.\n<\/p>\n<p data-start=\"1197\" data-end=\"1489\">\u00ab Si j\u2019ai tenu plus de 30 ans, c\u2019est gr\u00e2ce \u00e0 vous. Si je suis encore debout aujourd\u2019hui, c\u2019est parce que vous m\u2019avez toujours donn\u00e9 une raison d\u2019y croire \u00bb, affirme-t-il, soulignant la dimension profond\u00e9ment humaine de ce lien qui l\u2019unit \u00e0 son public, bien au-del\u00e0 du simple cadre m\u00e9diatique.\n<\/p>\n<p data-start=\"1491\" data-end=\"1755\">Concluant son message par des mots simples mais puissants \u2014 \u00ab Merci pour la confiance. Merci pour l\u2019amour. Merci pour la fid\u00e9lit\u00e9 \u00bb \u2014 Pape Cheikh Diallo r\u00e9affirme sa volont\u00e9 de poursuivre ce chemin avec et pour son public, fid\u00e8le \u00e0 ses valeurs et \u00e0 son engagement.<\/p>\n<p data-start=\"1491\" data-end=\"1755\"><img loading=\"lazy\" decoding=\"async\" class=\"alignnone wp-image-571684 size-full\" src=\"https:\/\/www.europesays.com\/africa\/wp-content\/uploads\/2026\/01\/hhghj.png\" alt=\"hhghj - Senenews - Actualit\u00e9 au S\u00e9n\u00e9gal, Politique, \u00c9conomie, Sport\" width=\"465\" height=\"450\" title=\"30 ans de carri\u00e8re : Pape Cheikh Diallo adresse un message fort de gratitude \u00e0 son public 4\"  \/><\/p>\n","protected":false},"excerpt":{"rendered":"Pape Cheikh Diallo a marqu\u00e9 un moment fort de son parcours professionnel en c\u00e9l\u00e9brant ses 30 ann\u00e9es de&hellip;\n","protected":false},"author":2,"featured_media":7081,"comment_status":"","ping_status":"","sticky":false,"template":"","format":"standard","meta":{"footnotes":""},"categories":[48],"tags":[5081,5082,159,163,888],"class_list":{"0":"post-7080","1":"post","2":"type-post","3":"status-publish","4":"format-standard","5":"has-post-thumbnail","7":"category-senegal","8":"tag-30-annees-de-carriere","9":"tag-pape-cheikh-diallo","10":"tag-senegal","11":"tag-senegal-actualites","12":"tag-senenews-people"},"share_on_mastodon":{"url":"","error":""},"_links":{"self":[{"href":"https:\/\/www.europesays.com\/africa\/wp-json\/wp\/v2\/posts\/7080","targetHints":{"allow":["GET"]}}],"collection":[{"href":"https:\/\/www.europesays.com\/africa\/wp-json\/wp\/v2\/posts"}],"about":[{"href":"https:\/\/www.europesays.com\/africa\/wp-json\/wp\/v2\/types\/post"}],"author":[{"embeddable":true,"href":"https:\/\/www.europesays.com\/africa\/wp-json\/wp\/v2\/users\/2"}],"replies":[{"embeddable":true,"href":"https:\/\/www.europesays.com\/africa\/wp-json\/wp\/v2\/comments?post=7080"}],"version-history":[{"count":0,"href":"https:\/\/www.europesays.com\/africa\/wp-json\/wp\/v2\/posts\/7080\/revisions"}],"wp:featuredmedia":[{"embeddable":true,"href":"https:\/\/www.europesays.com\/africa\/wp-json\/wp\/v2\/media\/7081"}],"wp:attachment":[{"href":"https:\/\/www.europesays.com\/africa\/wp-json\/wp\/v2\/media?parent=7080"}],"wp:term":[{"taxonomy":"category","embeddable":true,"href":"https:\/\/www.europesays.com\/africa\/wp-json\/wp\/v2\/categories?post=7080"},{"taxonomy":"post_tag","embeddable":true,"href":"https:\/\/www.europesays.com\/africa\/wp-json\/wp\/v2\/tags?post=7080"}],"curies":[{"name":"wp","href":"https:\/\/api.w.org\/{rel}","templated":true}]}}