{"id":7100,"date":"2026-01-06T12:11:08","date_gmt":"2026-01-06T12:11:08","guid":{"rendered":"https:\/\/www.europesays.com\/africa\/7100\/"},"modified":"2026-01-06T12:11:08","modified_gmt":"2026-01-06T12:11:08","slug":"algerie-rd-congo-pourquoi-des-agents-du-fbi-vont-assister-au-8e-de-finale-de-la-can-2025-au-maroc","status":"publish","type":"post","link":"https:\/\/www.europesays.com\/africa\/7100\/","title":{"rendered":"Alg\u00e9rie &#8211; RD Congo\u00a0: pourquoi des agents du FBI vont assister au 8e de finale de la CAN 2025 au Maroc\u00a0?"},"content":{"rendered":"<p class=\"paragraph text_align_left lp-f-body-02\">Ce mardi, les supporters alg\u00e9riens et congolais ne seront pas les seuls ressortissants \u00e9trangers \u00e0 garnir les tribunes du <a href=\"https:\/\/www.leparisien.fr\/sports\/football\/coupe-d-afrique-des-nations\/can-2025-rabat-tanger-casablanca-la-liste-complete-des-stades-de-la-competition-21-12-2025-YGODZLPOCVAM7IVGX6HS2S5JTY.php\" target=\"_self\" rel=\"nofollow noopener\">Stade Moulay El Hassan de Rabat<\/a> pour assister au <a href=\"https:\/\/www.leparisien.fr\/sports\/football\/coupe-d-afrique-des-nations\/algerie-rd-congo-ce-match-menerve-pourquoi-claude-le-roy-est-mecontent-du-choc-des-8es-de-finale-de-la-can-2025-06-01-2026-NJS3FWEWVNCWNIG7ABNEOJ45LU.php\" target=\"_blank\" rel=\"noreferrer nofollow noopener\">choc des 8es de finale<\/a> de la <a href=\"https:\/\/www.leparisien.fr\/sports\/football\/coupe-d-afrique-des-nations\/\" target=\"_blank\" rel=\"noreferrer nofollow noopener\">CAN 2025<\/a> entre <a href=\"https:\/\/www.leparisien.fr\/sports\/football\/algerie\/\" target=\"_blank\" rel=\"noreferrer nofollow noopener\">l\u2019Alg\u00e9rie <\/a>et la RD Congo. Un petit groupe d\u2019Am\u00e9ricains est \u00e9galement attendu dans les coursives dans l\u2019enceinte marocaine, non pas pour profiter <a href=\"https:\/\/www.leparisien.fr\/sports\/football\/coupe-d-afrique-des-nations\/algerie-rd-congo-les-compositions-probables-du-choc-des-8es-de-finale-de-la-can-avec-mahrez-et-maza-titulaires-06-01-2026-ML6W7NIJBJCB5DYHQ2766RIFXY.php\" target=\"_self\" rel=\"nofollow noopener\">du match<\/a>, mais bien pour glaner de pr\u00e9cieuses informations. <\/p>\n<p class=\"\">Une d\u00e9l\u00e9gation <a href=\"https:\/\/www.leparisien.fr\/international\/etats-unis\/douze-agents-du-fbi-recemment-licencies-accusent-ladministration-trump-de-politiser-la-police-americaine-09-12-2025-6ZL6N4CHPFGZDAW2R7M4OCJQRE.php\" target=\"_self\" rel=\"nofollow noopener\">d\u2019agents du FBI<\/a>, le principal service de renseignement et d\u2019enqu\u00eate du gouvernement am\u00e9ricain, est en effet en d\u00e9placement depuis le week-end dernier au Maroc dans le cadre d\u2019un travail d\u2019observation en vue de la <a href=\"https:\/\/www.leparisien.fr\/sports\/football\/coupe-du-monde\/\" target=\"_blank\" rel=\"noreferrer nofollow noopener\">Coupe du monde 2026<\/a>, co-organis\u00e9e par les \u00c9tats-Unis en compagnie du Canada et du Mexique, comme r\u00e9v\u00e9l\u00e9 par le m\u00e9dia local Le360.<\/p>\n<p class=\"\">Conduits par Douglas Olson, directeur des op\u00e9rations au sein de la division des services d\u2019intervention sur le terrain et Kevin Kowalski, directeur adjoint du groupe d\u2019intervention en situation d\u2019urgence, les agents ont d\u00e9j\u00e0 assist\u00e9 <a href=\"https:\/\/www.leparisien.fr\/sports\/football\/coupe-d-afrique-des-nations\/maroc-tanzanie-1-0-linarretable-brahim-diaz-sauve-les-lions-de-latlas-et-les-envoie-en-quarts-de-la-can-2025-04-01-2026-TNWWLFLCWNFVZOTSZ6LJZ5ZPXE.php\" target=\"_self\" rel=\"nofollow noopener\">au 8e de finale entre le Maroc et la Tanzanie<\/a> dimanche dernier au Stade Prince Moulay Abdellah. Leur objectif : prendre des informations sur <a href=\"https:\/\/www.leparisien.fr\/paris-75\/can-2025-les-rassemblements-sur-les-champs-elysees-interdits-pendant-les-phases-de-groupes-23-12-2025-7254GBI3CBFWXJI6WW6VNTTA3Q.php\" target=\"_self\" rel=\"nofollow noopener\">le syst\u00e8me de s\u00e9curit\u00e9 mis en place par les autorit\u00e9s marocaines<\/a>.<\/p>\n<p>\u00ab Examiner l\u2019excellence du mod\u00e8le marocain \u00bb<\/p>\n<p class=\"\">Selon le communiqu\u00e9 transmis au m\u00e9dia marocain, les visiteurs am\u00e9ricains ont cibl\u00e9 plusieurs points pr\u00e9cis \u00e0 commencer par le d\u00e9ploiement des unit\u00e9s de terrain mais \u00e9galement les niveaux de filtrage et de contr\u00f4le, le recours aux syst\u00e8mes de vid\u00e9osurveillance de haute pr\u00e9cision et l\u2019utilisation de drones.<\/p>\n<p class=\"\">Ce mardi \u00e0 Rabat, <a href=\"https:\/\/www.leparisien.fr\/international\/etats-unis\/aux-etats-unis-le-numero-2-du-fbi-sen-va-sur-fonds-de-dissensions-a-propos-des-dossiers-epstein-18-12-2025-FFGIBAXEVBGKPGV6CDLBMNFPGU.php\" target=\"_self\" rel=\"nofollow noopener\">les membres du FBI<\/a> se concentreront plut\u00f4t sur le processus d\u2019accueil et de s\u00e9curisation de l\u2019entr\u00e9e des supporters alg\u00e9riens et congolais dans le stade. La coordination entre la police marocaine et les forces de l\u2019ordre \u00e9trang\u00e8res sera \u00e9galement dans leur viseur du petit groupe, dont la visite \u00ab s\u2019inscrit dans le cadre de la volont\u00e9 am\u00e9ricaine d\u2019examiner les facteurs de succ\u00e8s et d\u2019excellence du mod\u00e8le marocain en mati\u00e8re de s\u00e9curit\u00e9 des grands \u00e9v\u00e9nements sportifs \u00bb, comme expliqu\u00e9 dans le communiqu\u00e9. <\/p>\n<p class=\"\">L\u2019\u00e9t\u00e9 prochain, conform\u00e9ment au r\u00e8glement de <a href=\"https:\/\/www.leparisien.fr\/sports\/football\/coupe-du-monde\/coupe-du-monde-2026-face-a-la-colere-des-supporters-la-fifa-fait-machine-arriere-et-met-en-vente-des-billets-moins-chers-16-12-2025-DZPRZBYTA5D47IOR5NRHYY5CWE.php\" target=\"_self\" rel=\"nofollow noopener\">la Fifa<\/a>, l\u2019organisateur am\u00e9ricain sera contraint de mettre en place un centre de coop\u00e9ration internationale comprenant des repr\u00e9sentants des services de s\u00e9curit\u00e9 des diff\u00e9rents pays engag\u00e9s \u00e0 <a href=\"https:\/\/www.leparisien.fr\/sports\/football\/coupe-du-monde\/620-millions-deuros-au-total-44-millions-pour-le-vainqueur-la-fifa-annonce-une-dotation-totale-record-pour-la-coupe-du-monde-2026-17-12-2025-Y5GWRYIEDFCIJAKIKTY64JK5FY.php\" target=\"_self\" rel=\"nofollow noopener\">la Coupe du monde 2026<\/a>, comme c\u2019est le cas durant la CAN 2025.<\/p>\n<p class=\"\">Toujours selon les informations du 360, cette visite du FBI a \u00e9galement pour but de \u00ab renforcer les m\u00e9canismes de coop\u00e9ration bilat\u00e9rale en mati\u00e8re de s\u00e9curit\u00e9 \u00bb entre les \u00c9tats-Unis et le Maroc, un partenariat qui devra s\u2019\u00e9tendre jusqu\u2019\u00e0 la Coupe du monde 2030, que le pays d\u2019Afrique du nord co-organisera \u00e0 son tour.<\/p>\n","protected":false},"excerpt":{"rendered":"Ce mardi, les supporters alg\u00e9riens et congolais ne seront pas les seuls ressortissants \u00e9trangers \u00e0 garnir les tribunes&hellip;\n","protected":false},"author":2,"featured_media":7101,"comment_status":"","ping_status":"","sticky":false,"template":"","format":"standard","meta":{"footnotes":""},"categories":[254],"tags":[255,360,311,1409,264],"class_list":{"0":"post-7100","1":"post","2":"type-post","3":"status-publish","4":"format-standard","5":"has-post-thumbnail","7":"category-algerie","8":"tag-algerie","9":"tag-can","10":"tag-football","11":"tag-international","12":"tag-sports"},"share_on_mastodon":{"url":"","error":""},"_links":{"self":[{"href":"https:\/\/www.europesays.com\/africa\/wp-json\/wp\/v2\/posts\/7100","targetHints":{"allow":["GET"]}}],"collection":[{"href":"https:\/\/www.europesays.com\/africa\/wp-json\/wp\/v2\/posts"}],"about":[{"href":"https:\/\/www.europesays.com\/africa\/wp-json\/wp\/v2\/types\/post"}],"author":[{"embeddable":true,"href":"https:\/\/www.europesays.com\/africa\/wp-json\/wp\/v2\/users\/2"}],"replies":[{"embeddable":true,"href":"https:\/\/www.europesays.com\/africa\/wp-json\/wp\/v2\/comments?post=7100"}],"version-history":[{"count":0,"href":"https:\/\/www.europesays.com\/africa\/wp-json\/wp\/v2\/posts\/7100\/revisions"}],"wp:featuredmedia":[{"embeddable":true,"href":"https:\/\/www.europesays.com\/africa\/wp-json\/wp\/v2\/media\/7101"}],"wp:attachment":[{"href":"https:\/\/www.europesays.com\/africa\/wp-json\/wp\/v2\/media?parent=7100"}],"wp:term":[{"taxonomy":"category","embeddable":true,"href":"https:\/\/www.europesays.com\/africa\/wp-json\/wp\/v2\/categories?post=7100"},{"taxonomy":"post_tag","embeddable":true,"href":"https:\/\/www.europesays.com\/africa\/wp-json\/wp\/v2\/tags?post=7100"}],"curies":[{"name":"wp","href":"https:\/\/api.w.org\/{rel}","templated":true}]}}