{"id":7103,"date":"2026-01-06T12:13:08","date_gmt":"2026-01-06T12:13:08","guid":{"rendered":"https:\/\/www.europesays.com\/africa\/7103\/"},"modified":"2026-01-06T12:13:08","modified_gmt":"2026-01-06T12:13:08","slug":"can-2025-mais-pourquoi-le-fbi-sera-present-pour-algerie","status":"publish","type":"post","link":"https:\/\/www.europesays.com\/africa\/7103\/","title":{"rendered":"CAN 2025 : mais pourquoi le FBI sera pr\u00e9sent pour Alg\u00e9rie"},"content":{"rendered":"<p class=\"p1\">L\u2019ambiance monte d\u2019un cran \u00e0 Rabat. Ce mardi, le stade Prince Moulay El Hassan s\u2019appr\u00eate \u00e0 vibrer pour un choc \u00e9lectrique : l\u2019Alg\u00e9rie face \u00e0 la RD Congo. 65 000 supporters, une tension palpable et un enjeu sportif immense pour une place en quarts de finale. Mais dans les trav\u00e9es de l\u2019enceinte marocaine, des spectateurs un peu particuliers, loin du profil habituel des fans de foot, vont scruter chaque mouvement.<\/p>\n<p class=\"p1\">Derri\u00e8re les lunettes noires, pas de recruteurs de Premier League, mais une d\u00e9l\u00e9gation du FBI, comme l&#8217;explique un communiqu\u00e9 transmis aux m\u00e9dias marocains. Arriv\u00e9s d\u00e8s dimanche, ces experts am\u00e9ricains de la s\u00e9curit\u00e9 ne sont pas l\u00e0 pour admirer les slaloms des attaquants. Men\u00e9s par Douglas Olson et Kevin Kowalski, deux pontes des services d&#8217;intervention d\u2019urgence, les agents f\u00e9d\u00e9raux ont d\u00e9j\u00e0 pass\u00e9 le dispositif marocain au crible lors de Maroc-Tanzanie : drones, vid\u00e9osurveillance de pointe et filtrage des acc\u00e8s, rien ne leur \u00e9chappe.<\/p>\n<p>\u00c0 lire aussi<\/p>\n<p class=\"p1\">Mais que vient faire le Bureau f\u00e9d\u00e9ral d\u2019enqu\u00eate dans un tournoi africain ? L\u2019explication tient en trois mots : Coupe du Monde. \u00c0 six mois Mondial co-organis\u00e9 aux \u00c9tats-Unis, au Mexique et au Canada, le FBI utilise la Coupe d&#8217;Afrique des Nations comme un laboratoire \u00e0 ciel ouvert pour pr\u00e9parer son \u00e9v\u00e8nement.<\/p>\n<p class=\"p1\">Ce mardi, ils se focaliseront sur un d\u00e9fi majeur; la gestion des flux de supporters \u00e9trangers et la coordination polici\u00e8re internationale. Une mission d&#8217;observation cruciale pour les \u00c9tats-Unis avant d&#8217;accueillir la plan\u00e8te enti\u00e8re l&#8217;\u00e9t\u00e9 prochain, et le d\u00e9but d&#8217;une longue collaboration avec le Maroc, futur h\u00f4te de l&#8217;\u00e9dition 2030 ?<\/p>\n<p>   Partagez cette info avec vos amis et vos proches en cliquant ici<br \/> Pour r\u00e9sumer<\/p>\n<p>\u00c0 Rabat, le match Alg\u00e9rie-RD Congo attire 65 000 supporters et une d\u00e9l\u00e9gation du FBI. Ces experts testent la s\u00e9curit\u00e9 (drones, vid\u00e9osurveillance) en vue de la Coupe du Monde 2026, observant la gestion des flux et la coordination polici\u00e8re internationale.<\/p>\n<p>R\u00e9dacteur<\/p>\n<p><img decoding=\"async\" width=\"76\" height=\"76\" loading=\"lazy\" src=\"https:\/\/www.europesays.com\/africa\/wp-content\/uploads\/2026\/01\/logo-antoine-chirat.jpg\" alt=\"Antoine Chirat\"\/><\/p>\n","protected":false},"excerpt":{"rendered":"L\u2019ambiance monte d\u2019un cran \u00e0 Rabat. Ce mardi, le stade Prince Moulay El Hassan s\u2019appr\u00eate \u00e0 vibrer pour&hellip;\n","protected":false},"author":2,"featured_media":7104,"comment_status":"","ping_status":"","sticky":false,"template":"","format":"standard","meta":{"footnotes":""},"categories":[41],"tags":[360,361,158],"class_list":{"0":"post-7103","1":"post","2":"type-post","3":"status-publish","4":"format-standard","5":"has-post-thumbnail","7":"category-maroc","8":"tag-can","9":"tag-coupe-du-monde","10":"tag-maroc"},"share_on_mastodon":{"url":"","error":""},"_links":{"self":[{"href":"https:\/\/www.europesays.com\/africa\/wp-json\/wp\/v2\/posts\/7103","targetHints":{"allow":["GET"]}}],"collection":[{"href":"https:\/\/www.europesays.com\/africa\/wp-json\/wp\/v2\/posts"}],"about":[{"href":"https:\/\/www.europesays.com\/africa\/wp-json\/wp\/v2\/types\/post"}],"author":[{"embeddable":true,"href":"https:\/\/www.europesays.com\/africa\/wp-json\/wp\/v2\/users\/2"}],"replies":[{"embeddable":true,"href":"https:\/\/www.europesays.com\/africa\/wp-json\/wp\/v2\/comments?post=7103"}],"version-history":[{"count":0,"href":"https:\/\/www.europesays.com\/africa\/wp-json\/wp\/v2\/posts\/7103\/revisions"}],"wp:featuredmedia":[{"embeddable":true,"href":"https:\/\/www.europesays.com\/africa\/wp-json\/wp\/v2\/media\/7104"}],"wp:attachment":[{"href":"https:\/\/www.europesays.com\/africa\/wp-json\/wp\/v2\/media?parent=7103"}],"wp:term":[{"taxonomy":"category","embeddable":true,"href":"https:\/\/www.europesays.com\/africa\/wp-json\/wp\/v2\/categories?post=7103"},{"taxonomy":"post_tag","embeddable":true,"href":"https:\/\/www.europesays.com\/africa\/wp-json\/wp\/v2\/tags?post=7103"}],"curies":[{"name":"wp","href":"https:\/\/api.w.org\/{rel}","templated":true}]}}