{"id":7170,"date":"2026-01-06T12:54:10","date_gmt":"2026-01-06T12:54:10","guid":{"rendered":"https:\/\/www.europesays.com\/africa\/7170\/"},"modified":"2026-01-06T12:54:10","modified_gmt":"2026-01-06T12:54:10","slug":"le-2e-airbus-a330neo-desservira-ces-trois-pays","status":"publish","type":"post","link":"https:\/\/www.europesays.com\/africa\/7170\/","title":{"rendered":"le 2e Airbus A330neo desservira ces trois pays"},"content":{"rendered":"<p style=\"font-weight: 400;\">La compagnie a\u00e9rienne nationale Air Alg\u00e9rie a r\u00e9ceptionn\u00e9 fin d\u00e9cembre le\u00a0<a href=\"https:\/\/www.visa-algerie.com\/en-images-air-algerie-devoile-le-dernier-avion-de-sa-nouvelle-flotte\/\" rel=\"nofollow noopener\" target=\"_blank\">deuxi\u00e8me Airbus A330-900neo<\/a>\u00a0dans le cadre du programme de renouvellement et d\u2019extension de sa flotte. Voici les lignes qui seront assur\u00e9es par l\u2019appareil flambant neuf.<\/p>\n<p style=\"font-weight: 400;\">Ce nouvel appareil livr\u00e9 \u00e0 la base de la compagnie \u00e0 l\u2019a\u00e9roport d\u2019Alger a \u00e9t\u00e9 baptis\u00e9 \u00ab\u00a0Gara Djebilet\u00a0\u00bb. Il s\u2019agit du deuxi\u00e8me avion de ce type \u00e0 rejoindre la flotte nationale, apr\u00e8s un premier appareil r\u00e9ceptionn\u00e9 en novembre dernier, nomm\u00e9\u00a0\u00ab\u00a0Novembre 54\u00a0\u00bb.<\/p>\n<p>NOS VIDEOS<\/p>\n<p>Trois destinations long-courriers seront assur\u00e9es \u00e0 bord du 2\u1d49\u00a0A330-900neo<\/p>\n<p style=\"font-weight: 400;\">Le deuxi\u00e8me appareil A330-900neo sera d\u00e9ploy\u00e9 sur les vols long-courriers, qu\u2019Air Alg\u00e9rie s\u2019emploie \u00e0 d\u00e9velopper, \u00e0 travers le lancement ou le renforcement de plusieurs lignes a\u00e9riennes, notamment vers le Canada, la Chine et l\u2019Afrique du Sud.<\/p>\n<p style=\"font-weight: 400;\">Le deuxi\u00e8me avion de la nouvelle flotte de pavillon national sera officiellement d\u00e9ploy\u00e9 sur les lignes au d\u00e9part d\u2019Alger vers Duba\u00ef (\u00c9mirats arabes unis), P\u00e9kin et Guangzhou (Chine), a confi\u00e9 ce mardi 6 janvier la direction d\u2019Air Alg\u00e9rie \u00e0\u00a0<a href=\"https:\/\/www.visa-algerie.com\/\" rel=\"nofollow noopener\" target=\"_blank\">Visas &amp; Voyages Alg\u00e9rie\u00a0<\/a>(VVA).<\/p>\n<p style=\"font-weight: 400;\">Les lignes au d\u00e9part d\u2019Alger vers Duba\u00ef et P\u00e9kin sont assur\u00e9es r\u00e9guli\u00e8rement depuis longtemps par Air Alg\u00e9rie. Quant \u00e0 la ligne Alger \u2013 Guangzhou, une vaste ville portuaire au nord-est de Hong Kong, elle est entr\u00e9e en service fin octobre dernier.<\/p>\n<p style=\"font-weight: 400;\">Cette liaison s\u2019inscrit dans le cadre de la strat\u00e9gie de la compagnie visant \u00e0 renforcer sa pr\u00e9sence \u00e0 l\u2019international et \u00e0 relier l\u2019Alg\u00e9rie \u00e0 d\u2019importants p\u00f4les \u00e9conomiques et commerciaux en Asie et en Europe, offrant ainsi \u00e0 ses clients davantage de destinations directes.<\/p>\n<p>Le plan de renouvellement et d\u2019extension de la flotte nationale en chiffres<\/p>\n<p style=\"font-weight: 400;\">Le lancement des liaisons long-courrier intervient aussi dans le contexte de renouvellement et de d\u00e9veloppement de la flotte de la compagnie a\u00e9rienne alg\u00e9rienne, avec un total d\u2019une dizaine d\u2019avions Airbus A330-900neo et huit autres de Boeing 737 MAX 9, pr\u00e9vus pour arriver \u00e0 partir de 2027.<\/p>\n<p style=\"font-weight: 400;\">Avec l\u2019arriv\u00e9e du deuxi\u00e8me A330-900neo fin d\u00e9cembre, la flotte d\u2019Air Alg\u00e9rie compte d\u00e9sormais 56 avions, auxquels s\u2019ajoutent 15 avions appartenant \u00e0 la compagnie Domestic Airlines (filiale du transporteur national d\u00e9di\u00e9e au r\u00e9seau int\u00e9rieur).<\/p>\n<p style=\"font-weight: 400;\">Par ailleurs, il convient de rappeler que le programme de renouvellement et d\u2019extension de la flotte nationale comprend \u00e9galement l\u2019acquisition de seize avions de type ATR 72-600, destin\u00e9s \u00e0 renforcer le r\u00e9seau de transport a\u00e9rien domestique.<\/p>\n","protected":false},"excerpt":{"rendered":"La compagnie a\u00e9rienne nationale Air Alg\u00e9rie a r\u00e9ceptionn\u00e9 fin d\u00e9cembre le\u00a0deuxi\u00e8me Airbus A330-900neo\u00a0dans le cadre du programme de&hellip;\n","protected":false},"author":2,"featured_media":7171,"comment_status":"","ping_status":"","sticky":false,"template":"","format":"standard","meta":{"footnotes":""},"categories":[254],"tags":[2259,255],"class_list":{"0":"post-7170","1":"post","2":"type-post","3":"status-publish","4":"format-standard","5":"has-post-thumbnail","7":"category-algerie","8":"tag-air-algerie-a330neo","9":"tag-algerie"},"share_on_mastodon":{"url":"","error":""},"_links":{"self":[{"href":"https:\/\/www.europesays.com\/africa\/wp-json\/wp\/v2\/posts\/7170","targetHints":{"allow":["GET"]}}],"collection":[{"href":"https:\/\/www.europesays.com\/africa\/wp-json\/wp\/v2\/posts"}],"about":[{"href":"https:\/\/www.europesays.com\/africa\/wp-json\/wp\/v2\/types\/post"}],"author":[{"embeddable":true,"href":"https:\/\/www.europesays.com\/africa\/wp-json\/wp\/v2\/users\/2"}],"replies":[{"embeddable":true,"href":"https:\/\/www.europesays.com\/africa\/wp-json\/wp\/v2\/comments?post=7170"}],"version-history":[{"count":0,"href":"https:\/\/www.europesays.com\/africa\/wp-json\/wp\/v2\/posts\/7170\/revisions"}],"wp:featuredmedia":[{"embeddable":true,"href":"https:\/\/www.europesays.com\/africa\/wp-json\/wp\/v2\/media\/7171"}],"wp:attachment":[{"href":"https:\/\/www.europesays.com\/africa\/wp-json\/wp\/v2\/media?parent=7170"}],"wp:term":[{"taxonomy":"category","embeddable":true,"href":"https:\/\/www.europesays.com\/africa\/wp-json\/wp\/v2\/categories?post=7170"},{"taxonomy":"post_tag","embeddable":true,"href":"https:\/\/www.europesays.com\/africa\/wp-json\/wp\/v2\/tags?post=7170"}],"curies":[{"name":"wp","href":"https:\/\/api.w.org\/{rel}","templated":true}]}}