{"id":7172,"date":"2026-01-06T12:55:07","date_gmt":"2026-01-06T12:55:07","guid":{"rendered":"https:\/\/www.europesays.com\/africa\/7172\/"},"modified":"2026-01-06T12:55:07","modified_gmt":"2026-01-06T12:55:07","slug":"un-prestataire-vole-282-000-f-et-echappe-a-la-prison-ferme","status":"publish","type":"post","link":"https:\/\/www.europesays.com\/africa\/7172\/","title":{"rendered":"un prestataire vole 282.000 F et \u00e9chappe \u00e0 la prison ferme"},"content":{"rendered":"<p>\n\t\t\t\t\t Un geste impulsif a failli co\u00fbter cher \u00e0 Ismaila Mbaye, prestataire \u00e0 la Direction de Huawei des Almadies. Jug\u00e9 hier, vendredi 2 janvier 2026, par le tribunal d\u2019instance de Dakar, il a \u00e9t\u00e9 reconnu coupable de vol \u00e0 l\u2019occasion du service et condamn\u00e9 \u00e0 6 mois de prison assortis du sursis, rapporte Les \u00c9chos. <br \/>\u00a0 <br \/>Le pr\u00e9venu, 39 ans, c\u00e9libataire et p\u00e8re de deux enfants, travaillait depuis deux ans dans l\u2019entreprise lorsqu\u2019il a \u00e9t\u00e9 film\u00e9 par les cam\u00e9ras de surveillance en train de subtiliser 282.000 FCFA dans le bureau de son patron, qui avait oubli\u00e9 son sac contenant de l\u2019argent. Interpell\u00e9 et confront\u00e9 aux images, Ismaila Mbaye a reconnu les faits et demand\u00e9 pardon. <br \/>\u00a0 <br \/>Selon son t\u00e9moignage au tribunal, c\u2019\u00e9tait la premi\u00e8re fois qu\u2019il commettait un tel acte : \u00ab J\u2019ai trouv\u00e9 la somme dans son bureau. Je l\u2019ai prise et rang\u00e9e dans mon placard. Trois jours plus tard, j\u2019ai entendu dire qu\u2019on avait vol\u00e9 de l\u2019argent et que c\u2019est moi que les cam\u00e9ras avaient film\u00e9 \u00bb, a-t-il expliqu\u00e9. <br \/>\u00a0 <br \/>Le procureur a requis l\u2019application de la loi p\u00e9nale, soulignant la gravit\u00e9 de l\u2019acte, tandis que Me Mansour Ndiongue, avocat du pr\u00e9venu, a plaid\u00e9 la cl\u00e9mence, arguant qu\u2019Ismaila Mbaye avait succomb\u00e9 \u00e0 la tentation et que sa famille avait rembours\u00e9 l\u2019int\u00e9gralit\u00e9 de la somme apr\u00e8s le d\u00e9sistement de la partie civile. <br \/>\u00a0 <br \/>Le tribunal a finalement d\u00e9cid\u00e9 d\u2019infliger une peine d\u2019avertissement de six mois assortie du sursis.\n\t\t\t\t <\/p>\n","protected":false},"excerpt":{"rendered":"Un geste impulsif a failli co\u00fbter cher \u00e0 Ismaila Mbaye, prestataire \u00e0 la Direction de Huawei des Almadies.&hellip;\n","protected":false},"author":2,"featured_media":7173,"comment_status":"","ping_status":"","sticky":false,"template":"","format":"standard","meta":{"footnotes":""},"categories":[48],"tags":[64,274,279,273,277,278,271,281,283,272,280,276,275,159,282],"class_list":{"0":"post-7172","1":"post","2":"type-post","3":"status-publish","4":"format-standard","5":"has-post-thumbnail","7":"category-senegal","8":"tag-afrique","9":"tag-aliou-cisse","10":"tag-amadou-ba","11":"tag-apr","12":"tag-bassirou-diomaye-faye","13":"tag-bathelemy-dias","14":"tag-dakar","15":"tag-el-malick-ndiaye","16":"tag-guy-marius-sagna","17":"tag-macky-sall","18":"tag-madiambal-diagne","19":"tag-ousmane-sonko","20":"tag-pastef","21":"tag-senegal","22":"tag-ziguinchor"},"share_on_mastodon":{"url":"","error":""},"_links":{"self":[{"href":"https:\/\/www.europesays.com\/africa\/wp-json\/wp\/v2\/posts\/7172","targetHints":{"allow":["GET"]}}],"collection":[{"href":"https:\/\/www.europesays.com\/africa\/wp-json\/wp\/v2\/posts"}],"about":[{"href":"https:\/\/www.europesays.com\/africa\/wp-json\/wp\/v2\/types\/post"}],"author":[{"embeddable":true,"href":"https:\/\/www.europesays.com\/africa\/wp-json\/wp\/v2\/users\/2"}],"replies":[{"embeddable":true,"href":"https:\/\/www.europesays.com\/africa\/wp-json\/wp\/v2\/comments?post=7172"}],"version-history":[{"count":0,"href":"https:\/\/www.europesays.com\/africa\/wp-json\/wp\/v2\/posts\/7172\/revisions"}],"wp:featuredmedia":[{"embeddable":true,"href":"https:\/\/www.europesays.com\/africa\/wp-json\/wp\/v2\/media\/7173"}],"wp:attachment":[{"href":"https:\/\/www.europesays.com\/africa\/wp-json\/wp\/v2\/media?parent=7172"}],"wp:term":[{"taxonomy":"category","embeddable":true,"href":"https:\/\/www.europesays.com\/africa\/wp-json\/wp\/v2\/categories?post=7172"},{"taxonomy":"post_tag","embeddable":true,"href":"https:\/\/www.europesays.com\/africa\/wp-json\/wp\/v2\/tags?post=7172"}],"curies":[{"name":"wp","href":"https:\/\/api.w.org\/{rel}","templated":true}]}}