{"id":7263,"date":"2026-01-06T13:48:06","date_gmt":"2026-01-06T13:48:06","guid":{"rendered":"https:\/\/www.europesays.com\/africa\/7263\/"},"modified":"2026-01-06T13:48:06","modified_gmt":"2026-01-06T13:48:06","slug":"les-marches-dafrique-toujours-aussi-attractifs-pour-les-geants-mondiaux","status":"publish","type":"post","link":"https:\/\/www.europesays.com\/africa\/7263\/","title":{"rendered":"les march\u00e9s d\u2019Afrique toujours aussi attractifs pour les g\u00e9ants mondiaux"},"content":{"rendered":"<p>Apr\u00e8s Accor et Hilton, Kinshasa est d\u00e9sormais l\u2019h\u00f4te d\u2019un \u00e9ni\u00e8me groupe h\u00f4telier mondial. Marriott International &#8211; qui pr\u00e9voit l\u2019ouverture d\u2019une cinquantaine d\u2019\u00e9tablissements en Afrique d\u2019ici 2027 &#8211; signe son entr\u00e9e sur ce march\u00e9 situ\u00e9 au c\u0153ur du continent avec l\u2019ouverture &#8211; officialis\u00e9e d\u00e9but d\u00e9cembre &#8211; de deux h\u00f4tels sous ses marques Protea et Four Point by Sheraton, au c\u0153ur de la m\u00e9gapole aux 17 millions d\u2019habitants que le g\u00e9ant am\u00e9ricain consid\u00e8re comme \u00ab l\u2019une des capitales les plus dynamiques et strat\u00e9giques d\u2019Afrique \u00bb. \u00ab L\u2019entr\u00e9e en R\u00e9publique d\u00e9mocratique du Congo [RDC] est une \u00e9tape importante pour Marriott International, et nous permet de continuer \u00e0 d\u00e9velopper notre pr\u00e9sence en Afrique \u00bb, d\u00e9clare Sandra Schulze-Potgieter, vice-pr\u00e9sidente, marques Premium, Select &amp; Midscale, Europe, Moyen-Orient et Afrique au sein de la cha\u00eene h\u00f4teli\u00e8re am\u00e9ricaine. Selon ses pr\u00e9cisions, l\u2019enseigne vise les touristes d\u2019affaires et de loisirs friands de cette vibrante ville.<\/p>\n","protected":false},"excerpt":{"rendered":"Apr\u00e8s Accor et Hilton, Kinshasa est d\u00e9sormais l\u2019h\u00f4te d\u2019un \u00e9ni\u00e8me groupe h\u00f4telier mondial. Marriott International &#8211; qui pr\u00e9voit&hellip;\n","protected":false},"author":2,"featured_media":7264,"comment_status":"","ping_status":"","sticky":false,"template":"","format":"standard","meta":{"footnotes":""},"categories":[62],"tags":[97,64,5165,5164,5166,5162,5012,5163,5167],"class_list":{"0":"post-7263","1":"post","2":"type-post","3":"status-publish","4":"format-standard","5":"has-post-thumbnail","7":"category-afrique","8":"tag-97","9":"tag-afrique","10":"tag-attractifs","11":"tag-dafrique","12":"tag-geants","13":"tag-hotellerie","14":"tag-la-tribune-afrique","15":"tag-marches","16":"tag-mondiaux"},"share_on_mastodon":{"url":"","error":""},"_links":{"self":[{"href":"https:\/\/www.europesays.com\/africa\/wp-json\/wp\/v2\/posts\/7263","targetHints":{"allow":["GET"]}}],"collection":[{"href":"https:\/\/www.europesays.com\/africa\/wp-json\/wp\/v2\/posts"}],"about":[{"href":"https:\/\/www.europesays.com\/africa\/wp-json\/wp\/v2\/types\/post"}],"author":[{"embeddable":true,"href":"https:\/\/www.europesays.com\/africa\/wp-json\/wp\/v2\/users\/2"}],"replies":[{"embeddable":true,"href":"https:\/\/www.europesays.com\/africa\/wp-json\/wp\/v2\/comments?post=7263"}],"version-history":[{"count":0,"href":"https:\/\/www.europesays.com\/africa\/wp-json\/wp\/v2\/posts\/7263\/revisions"}],"wp:featuredmedia":[{"embeddable":true,"href":"https:\/\/www.europesays.com\/africa\/wp-json\/wp\/v2\/media\/7264"}],"wp:attachment":[{"href":"https:\/\/www.europesays.com\/africa\/wp-json\/wp\/v2\/media?parent=7263"}],"wp:term":[{"taxonomy":"category","embeddable":true,"href":"https:\/\/www.europesays.com\/africa\/wp-json\/wp\/v2\/categories?post=7263"},{"taxonomy":"post_tag","embeddable":true,"href":"https:\/\/www.europesays.com\/africa\/wp-json\/wp\/v2\/tags?post=7263"}],"curies":[{"name":"wp","href":"https:\/\/api.w.org\/{rel}","templated":true}]}}