{"id":7268,"date":"2026-01-06T13:51:06","date_gmt":"2026-01-06T13:51:06","guid":{"rendered":"https:\/\/www.europesays.com\/africa\/7268\/"},"modified":"2026-01-06T13:51:06","modified_gmt":"2026-01-06T13:51:06","slug":"la-triste-histoire-de-amadou-f-le-marchand-ambulant-accro-aux-paris-sportifs","status":"publish","type":"post","link":"https:\/\/www.europesays.com\/africa\/7268\/","title":{"rendered":"La triste histoire de Amadou F., le marchand ambulant accro aux paris sportifs"},"content":{"rendered":"<p>Amadou F., un marchand ambulant \u00e2g\u00e9 de 28 ans, a \u00e9t\u00e9 retrouv\u00e9 mort en d\u00e9but d\u2019apr\u00e8s-midi, hier, dans un enclos situ\u00e9 sur la terrasse d\u2019un immeuble de type R+1 dans le quartier Layenne de Yeumbeul-Sud. Selon les premi\u00e8res constatations, la th\u00e8se du suicide par pendaison est privil\u00e9gi\u00e9e par les autorit\u00e9s, en attendant les r\u00e9sultats de l\u2019autopsie qui sera r\u00e9alis\u00e9e \u00e0 l\u2019h\u00f4pital Idrissa Pouye de Grand-Yoff.            <\/p>\n<p class=\"pread\" style=\"background: #fff6d3;font-size:17px !important;padding:0px 0 16px 0;border:none;font-family:'source-sans-pro' !important;color:#444 !important;\">\n<p>La suite est r\u00e9serv\u00e9e \u00e0 nos abonn\u00e9s.<br \/>D\u00e9j\u00e0 abonn\u00e9 ? <a href=\"https:\/\/www.senenews.com\/login?redirect_to=https:\/\/www.senenews.com\/premium\/decouverte-macabre-la-triste-histoire-de-amadou-f-le-marchand-ambulant-accro-aux-paris-sportifs_571664.html\" style=\"text-decoration: underline !important;font-weight: bold;\" rel=\"nofollow noopener\" target=\"_blank\">Se connecter<\/a><\/p>\n<p>Profitez de 3 mois offerts<br \/>et acc\u00e9dez \u00e0 tous nos contenus<br \/>sans aucune publicit\u00e9<\/p>\n<p style=\"text-align:center;font-size:14px;font-family:'source-sans-pro'\">\n<a href=\"https:\/\/www.senenews.com\/rejoignez-senenews-premium-pour-soutenir-une-redaction-libre-et-independante\" style=\"text-decoration:none!important;border-bottom:1px solid\" rel=\"nofollow noopener\" target=\"_blank\">Pourquoi vous devez soutenir l\u2019initiative Senenews Premium?<\/a><\/p>\n","protected":false},"excerpt":{"rendered":"Amadou F., un marchand ambulant \u00e2g\u00e9 de 28 ans, a \u00e9t\u00e9 retrouv\u00e9 mort en d\u00e9but d\u2019apr\u00e8s-midi, hier, dans&hellip;\n","protected":false},"author":2,"featured_media":7269,"comment_status":"","ping_status":"","sticky":false,"template":"","format":"standard","meta":{"footnotes":""},"categories":[48],"tags":[5168,161,159,163,239],"class_list":{"0":"post-7268","1":"post","2":"type-post","3":"status-publish","4":"format-standard","5":"has-post-thumbnail","7":"category-senegal","8":"tag-amadou","9":"tag-articles-premium","10":"tag-senegal","11":"tag-senegal-actualites","12":"tag-societe"},"share_on_mastodon":{"url":"","error":""},"_links":{"self":[{"href":"https:\/\/www.europesays.com\/africa\/wp-json\/wp\/v2\/posts\/7268","targetHints":{"allow":["GET"]}}],"collection":[{"href":"https:\/\/www.europesays.com\/africa\/wp-json\/wp\/v2\/posts"}],"about":[{"href":"https:\/\/www.europesays.com\/africa\/wp-json\/wp\/v2\/types\/post"}],"author":[{"embeddable":true,"href":"https:\/\/www.europesays.com\/africa\/wp-json\/wp\/v2\/users\/2"}],"replies":[{"embeddable":true,"href":"https:\/\/www.europesays.com\/africa\/wp-json\/wp\/v2\/comments?post=7268"}],"version-history":[{"count":0,"href":"https:\/\/www.europesays.com\/africa\/wp-json\/wp\/v2\/posts\/7268\/revisions"}],"wp:featuredmedia":[{"embeddable":true,"href":"https:\/\/www.europesays.com\/africa\/wp-json\/wp\/v2\/media\/7269"}],"wp:attachment":[{"href":"https:\/\/www.europesays.com\/africa\/wp-json\/wp\/v2\/media?parent=7268"}],"wp:term":[{"taxonomy":"category","embeddable":true,"href":"https:\/\/www.europesays.com\/africa\/wp-json\/wp\/v2\/categories?post=7268"},{"taxonomy":"post_tag","embeddable":true,"href":"https:\/\/www.europesays.com\/africa\/wp-json\/wp\/v2\/tags?post=7268"}],"curies":[{"name":"wp","href":"https:\/\/api.w.org\/{rel}","templated":true}]}}