{"id":727,"date":"2026-01-03T16:34:07","date_gmt":"2026-01-03T16:34:07","guid":{"rendered":"https:\/\/www.europesays.com\/africa\/727\/"},"modified":"2026-01-03T16:34:07","modified_gmt":"2026-01-03T16:34:07","slug":"ait-nouri-ne-sest-pas-entraine-ce-samedi-avec-lalgerie","status":"publish","type":"post","link":"https:\/\/www.europesays.com\/africa\/727\/","title":{"rendered":"A\u00eft-Nouri ne s&#8217;est pas entra\u00een\u00e9 ce samedi avec l&#8217;Alg\u00e9rie"},"content":{"rendered":"<p style=\"text-align: justify\">S\u2019il s\u2019\u00e9tait entra\u00een\u00e9 normalement vendredi, Rayan A\u00eft-Nouri n\u2019a pas pris part \u00e0 la training session de ce samedi \u00e0 l\u2019Acad\u00e9mie Mohamed VI de Rabat. Le d\u00e9fenseur de l\u2019\u00e9quipe nationale a d\u00fb passer des examens \u00e0 l\u2019h\u00f4pital en raison d\u2019une forte grippe. Sa participation au 1\/8 de finale, pr\u00e9vu mardi prochain, de la CAN 2025 (21 d\u00e9cembre \u2013 18 janvier) face \u00e0 la RD Congo n\u2019est \u2013 \u00e0 priori \u2013 pas sur la balance.<\/p>\n<p style=\"text-align: justify\">La bonne nouvelle c\u2019est que ce n\u2019est pas un souci musculaire. La mauvaise est qu\u2019A\u00eft-Nouri ne se sent pas bien. C\u2019est pourquoi il a d\u00fb consulter. Le staff de l\u2019\u00e9quipe nationale n\u2019a pas voulu prendre le moindre risque avec le lat\u00e9ral gauche. Surtout \u00e0 quelques jours du choc attendu contre les Congolais.<\/p>\n<p>La participation face \u00e0 la RDC d\u00e9pendra de l\u2019\u00e9volution de son \u00e9tat<\/p>\n<p>Apr\u00e8s la blessure de Jaouen Hadjam, Petkovic dispose d\u2019un choix fiable en moins. Malgr\u00e9 l\u2019entr\u00e9e en jeu assez convaincante de Mehdi Dorval mercredi contre la Guin\u00e9e \u00e9quatoriale, l\u2019id\u00e9al serait d\u2019avoir un A\u00eft-Nouri op\u00e9rationnel face aux L\u00e9opards. Dans un cas \u00e9ch\u00e9ant, il y aussi la possibilit\u00e9 de replacer Ramy Benseba\u00efni sur le c\u00f4t\u00e9 gauche si besoin.<\/p>\n<p>Pour l\u2019instant, on n\u2019en est pas l\u00e0. A\u00eft-Nouri\u00a0devrait s\u2019en remettre d\u2019ici l\u00e0. Mais bon, rien ne garantit qu\u2019il sera en possession de tous ses moyens dans trois jour. Surtout s\u2019il a chop\u00e9 le Covid (des sources internes \u00e9voquent une forte grippe). Jouer avec ce virus peut causer des complications pour un footballeur de haut niveau. Particuli\u00e8rement sur le plan cardiaque. C\u2019est pourquoi les joueurs sont soumis au repos pour les infections respiratoire du genre.<\/p>\n","protected":false},"excerpt":{"rendered":"S\u2019il s\u2019\u00e9tait entra\u00een\u00e9 normalement vendredi, Rayan A\u00eft-Nouri n\u2019a pas pris part \u00e0 la training session de ce samedi&hellip;\n","protected":false},"author":2,"featured_media":728,"comment_status":"","ping_status":"","sticky":false,"template":"","format":"standard","meta":{"footnotes":""},"categories":[254],"tags":[255,505,179,1001,1002,1003,632],"class_list":{"0":"post-727","1":"post","2":"type-post","3":"status-publish","4":"format-standard","5":"has-post-thumbnail","7":"category-algerie","8":"tag-algerie","9":"tag-algu00e9rie-rd-congo","10":"tag-can-2025","11":"tag-jaouen-hadjam","12":"tag-mehdi-dorval","13":"tag-ramy-bensebaini","14":"tag-rayan-ait-nouri"},"share_on_mastodon":{"url":"","error":""},"_links":{"self":[{"href":"https:\/\/www.europesays.com\/africa\/wp-json\/wp\/v2\/posts\/727","targetHints":{"allow":["GET"]}}],"collection":[{"href":"https:\/\/www.europesays.com\/africa\/wp-json\/wp\/v2\/posts"}],"about":[{"href":"https:\/\/www.europesays.com\/africa\/wp-json\/wp\/v2\/types\/post"}],"author":[{"embeddable":true,"href":"https:\/\/www.europesays.com\/africa\/wp-json\/wp\/v2\/users\/2"}],"replies":[{"embeddable":true,"href":"https:\/\/www.europesays.com\/africa\/wp-json\/wp\/v2\/comments?post=727"}],"version-history":[{"count":0,"href":"https:\/\/www.europesays.com\/africa\/wp-json\/wp\/v2\/posts\/727\/revisions"}],"wp:featuredmedia":[{"embeddable":true,"href":"https:\/\/www.europesays.com\/africa\/wp-json\/wp\/v2\/media\/728"}],"wp:attachment":[{"href":"https:\/\/www.europesays.com\/africa\/wp-json\/wp\/v2\/media?parent=727"}],"wp:term":[{"taxonomy":"category","embeddable":true,"href":"https:\/\/www.europesays.com\/africa\/wp-json\/wp\/v2\/categories?post=727"},{"taxonomy":"post_tag","embeddable":true,"href":"https:\/\/www.europesays.com\/africa\/wp-json\/wp\/v2\/tags?post=727"}],"curies":[{"name":"wp","href":"https:\/\/api.w.org\/{rel}","templated":true}]}}