{"id":729,"date":"2026-01-03T16:35:11","date_gmt":"2026-01-03T16:35:11","guid":{"rendered":"https:\/\/www.europesays.com\/africa\/729\/"},"modified":"2026-01-03T16:35:11","modified_gmt":"2026-01-03T16:35:11","slug":"niakhate-ol-titulaire-avec-le-senegal-face-au-soudan","status":"publish","type":"post","link":"https:\/\/www.europesays.com\/africa\/729\/","title":{"rendered":"Niakhat\u00e9 (OL) titulaire avec le S\u00e9n\u00e9gal face au Soudan"},"content":{"rendered":"<p>                            <img width=\"770\" height=\"433\" src=\"https:\/\/www.europesays.com\/africa\/wp-content\/uploads\/2026\/01\/AFP__20251116__2246917410__v2__HighRes__BrazilVSenegalInternationalFriendly-e1766819141208-770x433.j.jpeg\" class=\"attachment-article size-article wp-post-image\" alt=\"Moussa Niakhat\u00e9 avec le S\u00e9n\u00e9gal\" decoding=\"async\" fetchpriority=\"high\"  \/><\/p>\n<p>Moussa Niakhat\u00e9 avec le S\u00e9n\u00e9gal (Photo by RYAN PIERSE \/ GETTY IMAGES EUROPE \/ Getty Images via AFP)<\/p>\n<p>Pendant que ses co\u00e9quipiers de l&#8217;OL affrontent Monaco, Moussa Niakhat\u00e9 d\u00e9fie le Soudan en 8es de finale de la CAN. Le S\u00e9n\u00e9galais retrouve le 11 de d\u00e9part.<\/p>\n<p>\u00c0 environ 1 800 kilom\u00e8tres de Monaco, o\u00f9 <a href=\"https:\/\/www.olympique-et-lyonnais.com\/monaco-ol-satriano-sur-le-banc-mata-retrouve-le-11,387807.html\" rel=\"nofollow noopener\" target=\"_blank\">l&#8217;OL se mesure \u00e0 l&#8217;ASM<\/a> \u00e0 17 heures, Moussa Niakhat\u00e9 jouera une toute autre affiche. Dans le m\u00eame temps, au Maroc, le d\u00e9fenseur lyonnais affronte <a href=\"https:\/\/www.olympique-et-lyonnais.com\/can-2025-niakhate-ol-et-le-senegal-affronteront-le-soudan-en-8es,387693.html\" rel=\"nofollow noopener\" target=\"_blank\">le Soudan<\/a> dans le cadre des 8es de finale de la Coupe d&#8217;Afrique des Nations. Une partie qui marque le d\u00e9but de la phase \u00e0 \u00e9limination directe dans le tournoi continental. <\/p>\n<p>Au S\u00e9n\u00e9gal de faire respecter la logique<\/p>\n<p>Lors du dernier match de poule, le footballeur de 29 ans \u00e9tait absent. Cela n&#8217;avait pas emp\u00each\u00e9 le S\u00e9n\u00e9gal de l&#8217;emporter <a href=\"https:\/\/www.olympique-et-lyonnais.com\/can-2025-le-senegal-deroule-sans-moussa-niakhate-ol,387656.html\" rel=\"nofollow noopener\" target=\"_blank\">3 \u00e0 0<\/a> contre le B\u00e9nin. Mais le capitaine, Kalidou\u00a0Koulibaly, avait \u00e9t\u00e9 exclu. Pape\u00a0Thiaw doit donc repenser sa charni\u00e8re centrale pour cette confrontation. Titulaire lors des deux premi\u00e8res rencontres, Moussa Niakhat\u00e9 retrouve logiquement sa place dans le 11.<\/p>\n<p>Il est align\u00e9 aux c\u00f4t\u00e9s d&#8217;Abdoulaye Seck. Largement favoris, les Lions de la Teranga esp\u00e8rent faire respecter la hi\u00e9rarchie. Une victoire, et ils d\u00e9fieront en quarts de finale le Mali ou la Tunisie qui s&#8217;opposent \u00e0 20 heures.  <\/p>\n","protected":false},"excerpt":{"rendered":"Moussa Niakhat\u00e9 avec le S\u00e9n\u00e9gal (Photo by RYAN PIERSE \/ GETTY IMAGES EUROPE \/ Getty Images via AFP)&hellip;\n","protected":false},"author":2,"featured_media":730,"comment_status":"","ping_status":"","sticky":false,"template":"","format":"standard","meta":{"footnotes":""},"categories":[48],"tags":[360,1004,159,1005],"class_list":{"0":"post-729","1":"post","2":"type-post","3":"status-publish","4":"format-standard","5":"has-post-thumbnail","7":"category-senegal","8":"tag-can","9":"tag-niakhate","10":"tag-senegal","11":"tag-soudan"},"share_on_mastodon":{"url":"","error":""},"_links":{"self":[{"href":"https:\/\/www.europesays.com\/africa\/wp-json\/wp\/v2\/posts\/729","targetHints":{"allow":["GET"]}}],"collection":[{"href":"https:\/\/www.europesays.com\/africa\/wp-json\/wp\/v2\/posts"}],"about":[{"href":"https:\/\/www.europesays.com\/africa\/wp-json\/wp\/v2\/types\/post"}],"author":[{"embeddable":true,"href":"https:\/\/www.europesays.com\/africa\/wp-json\/wp\/v2\/users\/2"}],"replies":[{"embeddable":true,"href":"https:\/\/www.europesays.com\/africa\/wp-json\/wp\/v2\/comments?post=729"}],"version-history":[{"count":0,"href":"https:\/\/www.europesays.com\/africa\/wp-json\/wp\/v2\/posts\/729\/revisions"}],"wp:featuredmedia":[{"embeddable":true,"href":"https:\/\/www.europesays.com\/africa\/wp-json\/wp\/v2\/media\/730"}],"wp:attachment":[{"href":"https:\/\/www.europesays.com\/africa\/wp-json\/wp\/v2\/media?parent=729"}],"wp:term":[{"taxonomy":"category","embeddable":true,"href":"https:\/\/www.europesays.com\/africa\/wp-json\/wp\/v2\/categories?post=729"},{"taxonomy":"post_tag","embeddable":true,"href":"https:\/\/www.europesays.com\/africa\/wp-json\/wp\/v2\/tags?post=729"}],"curies":[{"name":"wp","href":"https:\/\/api.w.org\/{rel}","templated":true}]}}