{"id":7310,"date":"2026-01-06T14:17:17","date_gmt":"2026-01-06T14:17:17","guid":{"rendered":"https:\/\/www.europesays.com\/africa\/7310\/"},"modified":"2026-01-06T14:17:17","modified_gmt":"2026-01-06T14:17:17","slug":"lalgerie-risque-dapparaitre-comme-le-dernier-etat-colonial-en-afrique","status":"publish","type":"post","link":"https:\/\/www.europesays.com\/africa\/7310\/","title":{"rendered":"L\u2019Alg\u00e9rie risque d\u2019appara\u00eetre comme le dernier \u00c9tat colonial en Afrique"},"content":{"rendered":"<p class=\"default__StyledText-sc-10mj2vp-0 CxBBS body-paragraph\">Afin d\u2019occuper la sc\u00e8ne diplomatique apr\u00e8s les \u00e9checs et les humiliations subis en 2025, l\u2019Alg\u00e9rie, dont la boussole politique semble \u00eatre d\u00e9finitivement tourn\u00e9e vers les ann\u00e9es 1960, a donc d\u00e9cid\u00e9 de r\u00e9activer un discours anticolonialiste appartenant au si\u00e8cle dernier. Comme l\u2019\u00e9crit ici m\u00eame l\u2019ambassadeur Driencourt: \u00abCette posture, qui pouvait se comprendre dans les ann\u00e9es 1960 alors que subsistaient encore des colonies en Afrique (Angola, Mozambique, Rhod\u00e9sie, Sahara espagnol, apartheid sud-africain), conserve-t-elle la m\u00eame pertinence en 2025, \u00e0 l\u2019heure o\u00f9 les structures coloniales ont disparu du continent?\u00bb<\/p>\n<p class=\"default__StyledText-sc-10mj2vp-0 CxBBS body-paragraph\">\u00c9videmment non. Cependant, derri\u00e8re le discours aussi l\u00e9nifiant qu\u2019obsol\u00e8te des autorit\u00e9s alg\u00e9riennes, se cache la volont\u00e9 d\u2019\u00e9tablir une sorte de pont entre les ann\u00e9es 1960 et aujourd\u2019hui. En r\u00e9activant, comme l\u2019\u00e9crit encore l\u2019ambassadeur Driencourt, \u00abla th\u00e9matique de la \u201cderni\u00e8re colonie d\u2019Afrique\u201c, \u00e0 savoir le Sahara occidental\u00bb, l\u2019Alg\u00e9rie montre qu\u2019elle n\u2019a pas accept\u00e9 sa d\u00e9faite diplomatique au sujet de ce territoire historiquement marocain. Elle tente donc de biaiser afin de rallumer une m\u00e8che qui a pourtant \u00e9t\u00e9 \u00e9teinte devant le Conseil de s\u00e9curit\u00e9 de l\u2019ONU.<\/p>\n<p>\u00abLes mouvements kabyles vont n\u00e9cessairement demander \u00e0 l\u2019ONU d\u2019initier un processus international permettant au peuple kabyle d\u2019exercer librement son droit \u00e0 l\u2019autod\u00e9termination dans ses fronti\u00e8res historiques d\u2019avant la colonisation fran\u00e7aise\u00bb<\/p>\n<p>\u2014 \u00a0Bernard Lugan<\/p>\n<p class=\"default__StyledText-sc-10mj2vp-0 CxBBS body-paragraph\">Ce faisant, l\u2019Alg\u00e9rie se livre \u00e0 un jeu dangereux car elle risque de se trouver dans l\u2019inconfortable position de l\u2019\u00abarroseur arros\u00e9\u00bb. Je m\u2019explique. Durant des d\u00e9cennies, l\u2019Alg\u00e9rie a exig\u00e9 que se tienne un r\u00e9f\u00e9rendum afin de savoir si le Sahara occidental avait vocation \u00e0 retourner dans le giron de sa m\u00e8re patrie marocaine, ou bien s\u2019il pouvait revendiquer une ind\u00e9pendance relevant du surr\u00e9alisme diplomatique. Mais, en m\u00eame temps, cramponn\u00e9e sur son riche h\u00e9ritage territorial colonial, Alger \u00e9cartait toute id\u00e9e de r\u00e9f\u00e9rendum pour les populations des provinces marocaines, tunisiennes et libyennes qui lui avaient \u00e9t\u00e9 rattach\u00e9es par le colonisateur honni\u2026 De m\u00eame, Alger se gardait bien d\u2019\u00e9voquer la volont\u00e9 des Touaregs qui, dans les ann\u00e9es 1960, refusant toute appartenance \u00e0 la future Alg\u00e9rie, avaient demand\u00e9 \u00e0 la France un statut s\u00e9par\u00e9. Quant au souhait des Kabyles, il s\u2019inscrivait lui aussi dans une claire et argument\u00e9e revendication nationale. En effet, en 1830, quand la France chassa les Ottomans, en dehors de la ville d\u2019Alger, ces derniers ne contr\u00f4laient qu\u2019une partie de la Mitidja et quelques enclaves territoriales. Or, ce fut la France qui rassembla des ensembles r\u00e9gionaux qui n\u2019avaient jamais eu le moindre destin commun, dont les Kabylies et les Aur\u00e8s, que la R\u00e9gence ottomane n\u2019avait jamais pu contr\u00f4ler. <\/p>\n<p class=\"default__StyledText-sc-10mj2vp-0 CxBBS body-paragraph\">En r\u00e9activant un discours anticolonial appartenant \u00e0 une \u00e9poque r\u00e9volue, l\u2019Alg\u00e9rie a donc ouvert une \u00abboite de Pandore\u00bb ce qui, dans l\u2019avenir, va lui causer bien des probl\u00e8mes. Elle va en effet appara\u00eetre comme \u00e9tant le dernier \u00c9tat colonial en Afrique. Un \u00c9tat colonial refusant d\u2019appliquer le droit \u00e0 l\u2019autod\u00e9termination, c\u2019est-\u00e0-dire le droit des peuples \u00e0 disposer d\u2019eux-m\u00eames, aux populations des territoires marocains, tunisiens et libyens qui lui furent offerts par le colonisateur fran\u00e7ais et qu\u2019elle consid\u00e8re comme lui appartenant. L\u2019Alg\u00e9rie qui ne consulta pas les populations marocaines, tunisiennes et libyennes vivant dans ces r\u00e9gions spoli\u00e9es va donc se trouver dans une situation difficile.<\/p>\n<p class=\"default__StyledText-sc-10mj2vp-0 CxBBS body-paragraph\">Quant \u00e0 la revendication kabyle pr\u00e9sent\u00e9e comme une question de d\u00e9colonisation inachev\u00e9e, elle va se poser avec de plus en plus de force dans les ann\u00e9es futures. Le risque pour l\u2019Alg\u00e9rie sera alors qu\u2019elle finisse par appara\u00eetre comme relevant de la comp\u00e9tence de l\u2019ONU, les Kabyles soutenant en effet que leur patrie fut rattach\u00e9e \u00e0 l\u2019Alg\u00e9rie sans consultation de ses populations. Dans les ann\u00e9es \u00e0 venir, comme ils b\u00e9n\u00e9ficient internationalement d\u2019un large courant de sympathie, les mouvements kabyles vont n\u00e9cessairement demander \u00e0 l\u2019ONU d\u2019initier un processus international permettant au peuple kabyle d\u2019exercer librement son droit \u00e0 l\u2019autod\u00e9termination dans ses fronti\u00e8res historiques d\u2019avant la colonisation fran\u00e7aise. S\u2019ils y r\u00e9ussissaient, ce serait alors l\u2019existence m\u00eame de l\u2019Alg\u00e9rie qui serait en jeu. Voil\u00e0 quel serait le r\u00e9sultat de plusieurs d\u00e9cennies d\u2019errances politico-diplomatiques alg\u00e9riennes\u2026<\/p>\n","protected":false},"excerpt":{"rendered":"Afin d\u2019occuper la sc\u00e8ne diplomatique apr\u00e8s les \u00e9checs et les humiliations subis en 2025, l\u2019Alg\u00e9rie, dont la boussole&hellip;\n","protected":false},"author":2,"featured_media":7311,"comment_status":"","ping_status":"","sticky":false,"template":"","format":"standard","meta":{"footnotes":""},"categories":[62],"tags":[64,255,1856,5188,5189,4053],"class_list":{"0":"post-7310","1":"post","2":"type-post","3":"status-publish","4":"format-standard","5":"has-post-thumbnail","7":"category-afrique","8":"tag-afrique","9":"tag-algerie","10":"tag-colonisation","11":"tag-kabylie","12":"tag-onu","13":"tag-sahara-marocain"},"share_on_mastodon":{"url":"","error":""},"_links":{"self":[{"href":"https:\/\/www.europesays.com\/africa\/wp-json\/wp\/v2\/posts\/7310","targetHints":{"allow":["GET"]}}],"collection":[{"href":"https:\/\/www.europesays.com\/africa\/wp-json\/wp\/v2\/posts"}],"about":[{"href":"https:\/\/www.europesays.com\/africa\/wp-json\/wp\/v2\/types\/post"}],"author":[{"embeddable":true,"href":"https:\/\/www.europesays.com\/africa\/wp-json\/wp\/v2\/users\/2"}],"replies":[{"embeddable":true,"href":"https:\/\/www.europesays.com\/africa\/wp-json\/wp\/v2\/comments?post=7310"}],"version-history":[{"count":0,"href":"https:\/\/www.europesays.com\/africa\/wp-json\/wp\/v2\/posts\/7310\/revisions"}],"wp:featuredmedia":[{"embeddable":true,"href":"https:\/\/www.europesays.com\/africa\/wp-json\/wp\/v2\/media\/7311"}],"wp:attachment":[{"href":"https:\/\/www.europesays.com\/africa\/wp-json\/wp\/v2\/media?parent=7310"}],"wp:term":[{"taxonomy":"category","embeddable":true,"href":"https:\/\/www.europesays.com\/africa\/wp-json\/wp\/v2\/categories?post=7310"},{"taxonomy":"post_tag","embeddable":true,"href":"https:\/\/www.europesays.com\/africa\/wp-json\/wp\/v2\/tags?post=7310"}],"curies":[{"name":"wp","href":"https:\/\/api.w.org\/{rel}","templated":true}]}}