{"id":7314,"date":"2026-01-06T14:19:08","date_gmt":"2026-01-06T14:19:08","guid":{"rendered":"https:\/\/www.europesays.com\/africa\/7314\/"},"modified":"2026-01-06T14:19:08","modified_gmt":"2026-01-06T14:19:08","slug":"heure-et-chaine-tv-algerie","status":"publish","type":"post","link":"https:\/\/www.europesays.com\/africa\/7314\/","title":{"rendered":"Heure et cha\u00eene TV Alg\u00e9rie"},"content":{"rendered":"<p class=\"app_entry_lead\">\n<p>                    <a title=\"\u00a0\u00a9\u00a0Andrew Surma\/Sipa USA\/SIPA (publi\u00e9e le 06\/01\/2026)\" href=\"https:\/\/www.europesays.com\/africa\/wp-content\/uploads\/2026\/01\/84637288.jpg\" class=\"fancy\"><\/p>\n<p>                            <img loading=\"lazy\" decoding=\"async\" src=\"https:\/\/www.europesays.com\/africa\/wp-content\/uploads\/2026\/01\/84637288.jpg\" alt=\"Heure et cha\u00eene TV Alg\u00e9rie - RD Congo\" width=\"1500\" height=\"999\"\/><\/p>\n<p>                    <\/a><\/p>\n<p>                                    L&#8217;Alg\u00e9rie dispute son huiti\u00e8me de finale de la CAN 2025\u00a0ce mardi 6\u00a0janvier.\n                            <\/p>\n<p>                Je m&#8217;abonne \u00e0 la newsletter Bons Plans<\/p>\n<p>Avant dernier huiti\u00e8me de finale de la Coupe d&#8217;Afrique des nations ce mardi 6 janvier entre l&#8217;Alg\u00e9rie et la RD Congo. Les Fennecs, impressionnants dans le jeu depuis le d\u00e9but de cette CAN 2025, vise une place en quart de finale pour affronter une autre \u00e9quipe toute aussi impressionnante, le Nigeria.<\/p>\n<p>Face \u00e0 la RD Congo, dans un choc attendu depuis le tirage au sort, la premi\u00e8re &#8220;surprise&#8221; de cette CAN pourrait avoir lieu si l&#8217;Alg\u00e9rie de Luca Zidane n&#8217;arrive pas \u00e0 installer son jeu.\u00a03\u00a0des 4\u00a0derniers matchs entre les deux \u00e9quipes se sont termin\u00e9s par un match nul. Et si c&#8217;est de nouveau le cas ce soir, il faudra passer pas une s\u00e9ance de tirs au but toujours tr\u00e8s d\u00e9licate pour les gardiens et les nerfs des supporters.<\/p>\n<p>Heure et cha\u00eene TV\u00a0<\/p>\n<p>Alg\u00e9rie &#8211; R\u00e9publique D\u00e9mocratique du Congo se disputera ce mardi 6 janvier \u00e0 17h00, en direct du Stade Prince Moulay Hassan de Rabat. Pour regarder le match en direct, il faudra se brancher sur beIN SPORTS 1.\u00a0<\/p>\n","protected":false},"excerpt":{"rendered":"L&#8217;Alg\u00e9rie dispute son huiti\u00e8me de finale de la CAN 2025\u00a0ce mardi 6\u00a0janvier. Je m&#8217;abonne \u00e0 la newsletter Bons&hellip;\n","protected":false},"author":2,"featured_media":7315,"comment_status":"","ping_status":"","sticky":false,"template":"","format":"standard","meta":{"footnotes":""},"categories":[254],"tags":[255,5193,249,252,251,253],"class_list":{"0":"post-7314","1":"post","2":"type-post","3":"status-publish","4":"format-standard","5":"has-post-thumbnail","7":"category-algerie","8":"tag-algerie","9":"tag-cms-linternaute-9584288","10":"tag-controller-content","11":"tag-foot","12":"tag-format-papier","13":"tag-parallaxeinfeed"},"share_on_mastodon":{"url":"","error":""},"_links":{"self":[{"href":"https:\/\/www.europesays.com\/africa\/wp-json\/wp\/v2\/posts\/7314","targetHints":{"allow":["GET"]}}],"collection":[{"href":"https:\/\/www.europesays.com\/africa\/wp-json\/wp\/v2\/posts"}],"about":[{"href":"https:\/\/www.europesays.com\/africa\/wp-json\/wp\/v2\/types\/post"}],"author":[{"embeddable":true,"href":"https:\/\/www.europesays.com\/africa\/wp-json\/wp\/v2\/users\/2"}],"replies":[{"embeddable":true,"href":"https:\/\/www.europesays.com\/africa\/wp-json\/wp\/v2\/comments?post=7314"}],"version-history":[{"count":0,"href":"https:\/\/www.europesays.com\/africa\/wp-json\/wp\/v2\/posts\/7314\/revisions"}],"wp:featuredmedia":[{"embeddable":true,"href":"https:\/\/www.europesays.com\/africa\/wp-json\/wp\/v2\/media\/7315"}],"wp:attachment":[{"href":"https:\/\/www.europesays.com\/africa\/wp-json\/wp\/v2\/media?parent=7314"}],"wp:term":[{"taxonomy":"category","embeddable":true,"href":"https:\/\/www.europesays.com\/africa\/wp-json\/wp\/v2\/categories?post=7314"},{"taxonomy":"post_tag","embeddable":true,"href":"https:\/\/www.europesays.com\/africa\/wp-json\/wp\/v2\/tags?post=7314"}],"curies":[{"name":"wp","href":"https:\/\/api.w.org\/{rel}","templated":true}]}}