{"id":7316,"date":"2026-01-06T14:20:07","date_gmt":"2026-01-06T14:20:07","guid":{"rendered":"https:\/\/www.europesays.com\/africa\/7316\/"},"modified":"2026-01-06T14:20:07","modified_gmt":"2026-01-06T14:20:07","slug":"un-reseau-qnet-demantele-24-victimes-et-8-malfaiteurs-arretes","status":"publish","type":"post","link":"https:\/\/www.europesays.com\/africa\/7316\/","title":{"rendered":"un r\u00e9seau Qnet d\u00e9mantel\u00e9 \u202624 victimes et 8 malfaiteurs arr\u00eat\u00e9s"},"content":{"rendered":"<p>\n\t\t\t\t\t La Brigade de Proximit\u00e9 de Tivaouane Peulh, appuy\u00e9e par la Gendarmerie nationale, a proc\u00e9d\u00e9 le 04 janvier 2026 au d\u00e9mant\u00e8lement d\u2019un r\u00e9seau Qnet implant\u00e9 dans les secteurs de Niacourab et Tivaouane Peulh, suite \u00e0 un renseignement signalant ses activit\u00e9s frauduleuses. <br \/>\u00a0 <br \/>Cette op\u00e9ration a permis l\u2019interpellation de huit (08) individus, dont un instigateur et un leader, tous de nationalit\u00e9 \u00e9trang\u00e8re : <br \/>\u2022\u00a0 2 Ivoiriens <br \/>\u2022\u00a0 2 Burkinab\u00e9 <br \/>\u2022\u00a0 2 Congolais <br \/>\u2022\u00a0 1 Malien <br \/>\u2022\u00a0 1 B\u00e9ninois <br \/>\u00a0 <br \/>Les responsables du r\u00e9seau utilisaient une plateforme en ligne pour attirer leurs victimes, principalement des \u00e9trangers, en leur faisant croire qu\u2019elles pouvaient obtenir un emploi contre une inscription variant entre 600.000 et 1.500.000 FCFA. <br \/>\u00a0 <br \/>En plus des huit malfaiteurs arr\u00eat\u00e9s, vingt-quatre (24) victimes ont \u00e9t\u00e9 interpell\u00e9es sur les lieux, r\u00e9parties ainsi : <br \/>\u2022\u00a0 8 B\u00e9ninois <br \/>\u2022\u00a0 6 Congolais <br \/>\u2022\u00a0 1 Gambien <br \/>\u2022\u00a0 2 Guin\u00e9ens <br \/>\u2022\u00a0 3 Ivoiriens <br \/>\u2022\u00a0 1 Burkinab\u00e9 <br \/>\u2022\u00a0 1 Malien <br \/>\u2022\u00a0 2 S\u00e9n\u00e9galais <br \/>\u00a0 <br \/>Selon les gendarmes, la somme totale encaiss\u00e9e par le r\u00e9seau s\u2019\u00e9l\u00e8ve \u00e0 17.550.000 FCFA. L\u2019enqu\u00eate se poursuit afin de d\u00e9terminer l\u2019ampleur exacte de ce r\u00e9seau et d\u2019identifier d\u2019\u00e9ventuels complices.\n\t\t\t\t <\/p>\n","protected":false},"excerpt":{"rendered":"La Brigade de Proximit\u00e9 de Tivaouane Peulh, appuy\u00e9e par la Gendarmerie nationale, a proc\u00e9d\u00e9 le 04 janvier 2026&hellip;\n","protected":false},"author":2,"featured_media":7317,"comment_status":"","ping_status":"","sticky":false,"template":"","format":"standard","meta":{"footnotes":""},"categories":[48],"tags":[64,274,279,273,277,278,271,281,283,272,280,276,275,159,282],"class_list":{"0":"post-7316","1":"post","2":"type-post","3":"status-publish","4":"format-standard","5":"has-post-thumbnail","7":"category-senegal","8":"tag-afrique","9":"tag-aliou-cisse","10":"tag-amadou-ba","11":"tag-apr","12":"tag-bassirou-diomaye-faye","13":"tag-bathelemy-dias","14":"tag-dakar","15":"tag-el-malick-ndiaye","16":"tag-guy-marius-sagna","17":"tag-macky-sall","18":"tag-madiambal-diagne","19":"tag-ousmane-sonko","20":"tag-pastef","21":"tag-senegal","22":"tag-ziguinchor"},"share_on_mastodon":{"url":"","error":""},"_links":{"self":[{"href":"https:\/\/www.europesays.com\/africa\/wp-json\/wp\/v2\/posts\/7316","targetHints":{"allow":["GET"]}}],"collection":[{"href":"https:\/\/www.europesays.com\/africa\/wp-json\/wp\/v2\/posts"}],"about":[{"href":"https:\/\/www.europesays.com\/africa\/wp-json\/wp\/v2\/types\/post"}],"author":[{"embeddable":true,"href":"https:\/\/www.europesays.com\/africa\/wp-json\/wp\/v2\/users\/2"}],"replies":[{"embeddable":true,"href":"https:\/\/www.europesays.com\/africa\/wp-json\/wp\/v2\/comments?post=7316"}],"version-history":[{"count":0,"href":"https:\/\/www.europesays.com\/africa\/wp-json\/wp\/v2\/posts\/7316\/revisions"}],"wp:featuredmedia":[{"embeddable":true,"href":"https:\/\/www.europesays.com\/africa\/wp-json\/wp\/v2\/media\/7317"}],"wp:attachment":[{"href":"https:\/\/www.europesays.com\/africa\/wp-json\/wp\/v2\/media?parent=7316"}],"wp:term":[{"taxonomy":"category","embeddable":true,"href":"https:\/\/www.europesays.com\/africa\/wp-json\/wp\/v2\/categories?post=7316"},{"taxonomy":"post_tag","embeddable":true,"href":"https:\/\/www.europesays.com\/africa\/wp-json\/wp\/v2\/tags?post=7316"}],"curies":[{"name":"wp","href":"https:\/\/api.w.org\/{rel}","templated":true}]}}