{"id":7338,"date":"2026-01-06T14:33:26","date_gmt":"2026-01-06T14:33:26","guid":{"rendered":"https:\/\/www.europesays.com\/africa\/7338\/"},"modified":"2026-01-06T14:33:26","modified_gmt":"2026-01-06T14:33:26","slug":"algerie-rdc-en-huitiemes-de-finale-le-grand-defi-de-luca-zidane","status":"publish","type":"post","link":"https:\/\/www.europesays.com\/africa\/7338\/","title":{"rendered":"Alg\u00e9rie-RDC en huiti\u00e8mes de finale, le grand d\u00e9fi de Luca Zidane"},"content":{"rendered":"<p>C\u2019est le choc de ces huiti\u00e8mes de coupe d\u2019Afrique des Nations entre deux solides outsiders pour la victoire finale, et cette rencontre sera encore plus particuli\u00e8re pour l\u2019un des acteurs qui fouleront la pelouse du stade Prince Moulay Hassan. L\u00e0-bas, \u00e0 Rabat, Luca Zidane disputera le match le plus important de sa carri\u00e8re, lui <a href=\"https:\/\/www.laprovence.com\/article\/sports\/1936381463002415\/football-penalty-arrete-tir-au-but-marque-un-autre-stoppe-le-gardien-luca-zidane-fils-de-zizou-sest-illustre\" target=\"_blank\" rel=\"nofollow noopener\">le routard des clubs de deuxi\u00e8me division espagnole<\/a> (146 rencontres entre le Racing Santander, le Rayo Vallecano, Eibar et Grenade aujourd\u2019hui), form\u00e9 au Real Madrid dans le sillage de son p\u00e8re Zidane et de son grand fr\u00e8re Enzo, puis de ses petits fr\u00e8res Th\u00e9o et Elyaz.<\/p>\n<p><a href=\"https:\/\/www.laprovence.com\/article\/papier\/6816522\/.html\" target=\"_blank\" rel=\"nofollow noopener\">Portier honn\u00eate de l\u2019autre c\u00f4t\u00e9 des Pyr\u00e9n\u00e9es<\/a>, qui compte \u00e9galement 10 apparitions en Liga (2 avec le Real, 8 avec le Rayo), <a href=\"https:\/\/www.laprovence.com\/article\/sports\/292027430059714\/football-luca-zidane-appele-en-selection-algerienne-pour-la-premiere-fois-gouiri-egalement-convoque\" target=\"_blank\" rel=\"nofollow noopener\">sa naturalisation sportive depuis septembre avec l\u2019Alg\u00e9rie<\/a>, le pays d\u2019origine de ses grands-parents Malika et Sma\u00efl, l\u2019a fait basculer dans une nouvelle dimension. Celle des matches diffus\u00e9s dans le monde entier en prime time et des stars internationales, comme son co\u00e9quipier <a href=\"https:\/\/www.laprovence.com\/article\/om\/169731135099615\/mon-reve-cetait-de-jouer-a-lom-quand-riyad-mahrez-declare-sa-flamme-a-marseille\" target=\"_blank\" rel=\"nofollow noopener\">Riyad Mahrez<\/a>.<\/p>\n<p>&#8220;Il est comme tous les joueurs, il s\u2019est bien int\u00e9gr\u00e9 et on l\u2019a bien int\u00e9gr\u00e9, dit de lui le vainqueur de la Ligue des champions 2023 avec Manchester City. C\u2019est un nouveau qui ne se prend &#8230;<\/p>\n","protected":false},"excerpt":{"rendered":"C\u2019est le choc de ces huiti\u00e8mes de coupe d\u2019Afrique des Nations entre deux solides outsiders pour la victoire&hellip;\n","protected":false},"author":2,"featured_media":7339,"comment_status":"","ping_status":"","sticky":false,"template":"","format":"standard","meta":{"footnotes":""},"categories":[254],"tags":[97,255,5205,360,5208,4630,5207,5206,5209,264],"class_list":{"0":"post-7338","1":"post","2":"type-post","3":"status-publish","4":"format-standard","5":"has-post-thumbnail","7":"category-algerie","8":"tag-97","9":"tag-algerie","10":"tag-algerie-rdc","11":"tag-can","12":"tag-defi","13":"tag-finale","14":"tag-grand","15":"tag-huitiemes","16":"tag-luca","17":"tag-sports"},"share_on_mastodon":{"url":"","error":""},"_links":{"self":[{"href":"https:\/\/www.europesays.com\/africa\/wp-json\/wp\/v2\/posts\/7338","targetHints":{"allow":["GET"]}}],"collection":[{"href":"https:\/\/www.europesays.com\/africa\/wp-json\/wp\/v2\/posts"}],"about":[{"href":"https:\/\/www.europesays.com\/africa\/wp-json\/wp\/v2\/types\/post"}],"author":[{"embeddable":true,"href":"https:\/\/www.europesays.com\/africa\/wp-json\/wp\/v2\/users\/2"}],"replies":[{"embeddable":true,"href":"https:\/\/www.europesays.com\/africa\/wp-json\/wp\/v2\/comments?post=7338"}],"version-history":[{"count":0,"href":"https:\/\/www.europesays.com\/africa\/wp-json\/wp\/v2\/posts\/7338\/revisions"}],"wp:featuredmedia":[{"embeddable":true,"href":"https:\/\/www.europesays.com\/africa\/wp-json\/wp\/v2\/media\/7339"}],"wp:attachment":[{"href":"https:\/\/www.europesays.com\/africa\/wp-json\/wp\/v2\/media?parent=7338"}],"wp:term":[{"taxonomy":"category","embeddable":true,"href":"https:\/\/www.europesays.com\/africa\/wp-json\/wp\/v2\/categories?post=7338"},{"taxonomy":"post_tag","embeddable":true,"href":"https:\/\/www.europesays.com\/africa\/wp-json\/wp\/v2\/tags?post=7338"}],"curies":[{"name":"wp","href":"https:\/\/api.w.org\/{rel}","templated":true}]}}