{"id":7342,"date":"2026-01-06T14:35:27","date_gmt":"2026-01-06T14:35:27","guid":{"rendered":"https:\/\/www.europesays.com\/africa\/7342\/"},"modified":"2026-01-06T14:35:27","modified_gmt":"2026-01-06T14:35:27","slug":"la-tunisie-et-le-maroc-recompenses-au-festival-de-la-poesie-arabe-aux-emirats","status":"publish","type":"post","link":"https:\/\/www.europesays.com\/africa\/7342\/","title":{"rendered":"La Tunisie et le Maroc r\u00e9compens\u00e9s au Festival de la Po\u00e9sie arabe aux Emirats"},"content":{"rendered":"<p>Le Cheikh docteur Sultan bin Mohammed Al Qasimi, membre du Conseil supr\u00eame et gouverneur de Charjah, a pr\u00e9sid\u00e9, lundi soir, la c\u00e9r\u00e9monie d\u2019ouverture de la 22\u1d49 \u00e9dition du Festival de Charjah de la po\u00e9sie arabe aux Emirats arabes unis, organis\u00e9e sur une p\u00e9riode de sept jours au Palais de la Culture. Deux laur\u00e9ats, <a href=\"https:\/\/www.instagram.com\/reels\/DTIxO9Fk4Tv\/\" target=\"_blank\" rel=\"noopener nofollow\">tunisien et marocain<\/a>, ont remport\u00e9 respectivement deux distinctions majeures parmi les plus prestigieuses de l\u2019\u00e9v\u00e8nement.<\/p>\n<p style=\"text-align: right;\">Par Seif Soudani, envoy\u00e9 sp\u00e9cial<\/p>\n<p>\u00a0<\/p>\n<p>Cette \u00e9dition phare r\u00e9unit en l\u2019occurrence plus de 80 po\u00e8tes, critiques litt\u00e9raires et professionnels des m\u00e9dias, venus de l\u2019ensemble du monde arabe ainsi que de plusieurs pays africains.<\/p>\n<p><img data-lazyloaded=\"1\" fetchpriority=\"high\" decoding=\"async\" class=\"wp-image-208683 aligncenter\" src=\"https:\/\/www.europesays.com\/africa\/wp-content\/uploads\/2026\/01\/de1fcdc8-b7d3-4324-81e4-d21b229709c7-300x225.jpg\" alt=\"\" width=\"489\" height=\"367\"  data-\/><\/p>\n<p>\u00c0 cette occasion, les invit\u00e9s ont assist\u00e9 \u00e0 la projection d\u2019un documentaire intitul\u00e9 \u00ab Des ann\u00e9es de po\u00e9sie \u00bb, retra\u00e7ant les efforts et l\u2019initiative personnelle du souverain de Charjah dans la cr\u00e9ation des <a href=\"https:\/\/www.lecourrierdelatlas.com\/litterature-maisons-de-la-poesie-symbole-du-mecenat-culturel-des-emirats-20658\/\" target=\"_blank\" rel=\"noopener nofollow\">Maisons de la po\u00e9sie \u00e0 travers le monde arabe<\/a>. Un projet culturel qui c\u00e9l\u00e8bre cette ann\u00e9e son dixi\u00e8me anniversaire, et qui a largement contribu\u00e9 \u00e0 la pr\u00e9servation et \u00e0 la revitalisation du mouvement po\u00e9tique arabe, en faisant de ces maisons de v\u00e9ritables lieux de rayonnement culturel du verbe, d\u00e9di\u00e9s \u00e0 la langue arabe et \u00e0 la cr\u00e9ation litt\u00e9raire, ainsi que des espaces de rencontre entre po\u00e8tes et critiques.<\/p>\n<p>Le gouverneur de Charjah a ensuite honor\u00e9 le po\u00e8te Dr Ahmed Belboulah, laur\u00e9at du Prix de Charjah de la po\u00e9sie arabe, ainsi que les gagnants du Prix de Charjah de la critique po\u00e9tique :<\/p>\n<p>\u2013 Mahrez Ben Mohsen Rachdi (Tunisie), premier prix, pour son \u00e9tude intitul\u00e9e \u00ab La structure discursive dans la po\u00e9sie arabe moderne (questions fondatrices et pratiques appliqu\u00e9es) \u00bb<\/p>\n<p>\u2013 El Mehdi Al-A\u00e2raj (Maroc), deuxi\u00e8me prix, pour sa recherche \u00ab La structure de l\u2019exp\u00e9rience po\u00e9tique dans le po\u00e8me arabe contemporain, entre l\u2019argument du renouvellement et la fragmentation du mod\u00e8le \u00bb<\/p>\n<p>\u2013 Al Hassan Mohamed Mahmoud (Mauritanie), troisi\u00e8me prix.<\/p>\n<p>La soir\u00e9e s\u2019est poursuivie par des lectures po\u00e9tiques assur\u00e9es par la po\u00e9tesse Najaat Al Dhaheri (\u00c9mirats arabes unis), le po\u00e8te Dr Ahmed Belboulah (\u00c9gypte) et le po\u00e8te Hizbar Mahmoud (Irak), puis dans une seconde partie par <a href=\"https:\/\/www.youtube.com\/watch?v=vi7eR9MAmaY\" target=\"_blank\" rel=\"noopener nofollow\">Mabrouk Sayyari (Tunisie)<\/a>, et Hanen Farfour (Liban) :<\/p>\n<p>Un festival \u00e0 la port\u00e9e culturelle \u00e9largie<\/p>\n<p>Au-del\u00e0 de son programme officiel, le Festival de Charjah de la po\u00e9sie arabe s\u2019impose comme un espace culturel ouvert et parall\u00e8le, offrant aux participants des d\u00e9bats libres, des rencontres directes et des \u00e9changes approfondis entre po\u00e8tes, critiques et journalistes.<\/p>\n<p>Ce cadre interactif favorise la circulation des id\u00e9es, l\u2019\u00e9mergence de nouvelles voix po\u00e9tiques et leur mise en lumi\u00e8re sur la sc\u00e8ne culturelle arabe. Par son rayonnement r\u00e9gional et africain, le festival contribue \u00e0 consolider la po\u00e9sie comme un vecteur vivant de dialogue culturel et de transmission de la langue arabe.<\/p>\n<p>\u00a0<\/p>\n<p>Le r\u00f4le central du m\u00e9c\u00e9nat de Sultan Al Qasimi<\/p>\n<p>Le succ\u00e8s et la p\u00e9rennit\u00e9 de cet \u00e9v\u00e9nement s\u2019inscrivent dans la vision culturelle de long terme port\u00e9e par Sultan Al Qasimi (86 ans), reconnu pour son engagement constant en faveur des arts, de la culture et du savoir.<\/p>\n<p>\u00c0 travers son m\u00e9c\u00e9nat remarqu\u00e9 dans la r\u00e9gion MENA, il a su doter la po\u00e9sie arabe d\u2019institutions durables, d\u2019espaces d\u2019expression et de reconnaissance, tout en soutenant la critique litt\u00e9raire et plus g\u00e9n\u00e9ralement la formation intellectuelle. Cette politique culturelle \u00e9miratie ambitieuse a fait de Charjah un p\u00f4le incontournable de la culture arabe, o\u00f9 la po\u00e9sie occupe une place centrale, non seulement comme art, mais aussi comme m\u00e9moire, identit\u00e9 et avenir via la formation es plus jeunes et la d\u00e9tection de talents jusqu\u2019au Maghreb.<\/p>\n<p><script async src=\"\/\/www.instagram.com\/embed.js\"><\/script><\/p>\n","protected":false},"excerpt":{"rendered":"Le Cheikh docteur Sultan bin Mohammed Al Qasimi, membre du Conseil supr\u00eame et gouverneur de Charjah, a pr\u00e9sid\u00e9,&hellip;\n","protected":false},"author":2,"featured_media":7343,"comment_status":"","ping_status":"","sticky":false,"template":"","format":"standard","meta":{"footnotes":""},"categories":[41],"tags":[5210,2427,5211,158,5212],"class_list":{"0":"post-7342","1":"post","2":"type-post","3":"status-publish","4":"format-standard","5":"has-post-thumbnail","7":"category-maroc","8":"tag-emirats-arabes-unis","9":"tag-festival","10":"tag-maison-de-la-poesie","11":"tag-maroc","12":"tag-poesie"},"share_on_mastodon":{"url":"","error":""},"_links":{"self":[{"href":"https:\/\/www.europesays.com\/africa\/wp-json\/wp\/v2\/posts\/7342","targetHints":{"allow":["GET"]}}],"collection":[{"href":"https:\/\/www.europesays.com\/africa\/wp-json\/wp\/v2\/posts"}],"about":[{"href":"https:\/\/www.europesays.com\/africa\/wp-json\/wp\/v2\/types\/post"}],"author":[{"embeddable":true,"href":"https:\/\/www.europesays.com\/africa\/wp-json\/wp\/v2\/users\/2"}],"replies":[{"embeddable":true,"href":"https:\/\/www.europesays.com\/africa\/wp-json\/wp\/v2\/comments?post=7342"}],"version-history":[{"count":0,"href":"https:\/\/www.europesays.com\/africa\/wp-json\/wp\/v2\/posts\/7342\/revisions"}],"wp:featuredmedia":[{"embeddable":true,"href":"https:\/\/www.europesays.com\/africa\/wp-json\/wp\/v2\/media\/7343"}],"wp:attachment":[{"href":"https:\/\/www.europesays.com\/africa\/wp-json\/wp\/v2\/media?parent=7342"}],"wp:term":[{"taxonomy":"category","embeddable":true,"href":"https:\/\/www.europesays.com\/africa\/wp-json\/wp\/v2\/categories?post=7342"},{"taxonomy":"post_tag","embeddable":true,"href":"https:\/\/www.europesays.com\/africa\/wp-json\/wp\/v2\/tags?post=7342"}],"curies":[{"name":"wp","href":"https:\/\/api.w.org\/{rel}","templated":true}]}}