{"id":7362,"date":"2026-01-06T14:48:08","date_gmt":"2026-01-06T14:48:08","guid":{"rendered":"https:\/\/www.europesays.com\/africa\/7362\/"},"modified":"2026-01-06T14:48:08","modified_gmt":"2026-01-06T14:48:08","slug":"une-dame-decede-apres-une-chute-du-deuxieme-etage-dune-maison-inachevee","status":"publish","type":"post","link":"https:\/\/www.europesays.com\/africa\/7362\/","title":{"rendered":"Une dame , d\u00e9c\u00e8de , apr\u00e8s une chute du deuxi\u00e8me \u00e9tage d\u2019une maison inachev\u00e9e"},"content":{"rendered":"<p>\t\t\t\t\t Une femme a trouv\u00e9 la mort lundi , vers 23 heures\u00a0 \u00e0 Touba, apr\u00e8s une chute du deuxi\u00e8me \u00e9tage d\u2019une maison inachev\u00e9e situ\u00e9e au quartier Darou Quarante, non loin de la Banque islamique. <\/p>\n<p>La victime, identifi\u00e9e sous le nom de Nd\u00e8ye Mb\u00e8ne Fall, c\u00e9libataire, a succomb\u00e9 sur le coup aux environs de 23 heures. Les circonstances exactes de l\u2019accident demeurent pour l\u2019heure inconnues. <\/p>\n<p>Alert\u00e9s, les sapeurs-pompiers et les \u00e9l\u00e9ments de la police se sont rapidement rendus sur les lieux. Une enqu\u00eate a \u00e9t\u00e9 ouverte afin de d\u00e9terminer les causes de la chute.\n\t\t\t\t <\/p>\n","protected":false},"excerpt":{"rendered":"Une femme a trouv\u00e9 la mort lundi , vers 23 heures\u00a0 \u00e0 Touba, apr\u00e8s une chute du deuxi\u00e8me&hellip;\n","protected":false},"author":2,"featured_media":7363,"comment_status":"","ping_status":"","sticky":false,"template":"","format":"standard","meta":{"footnotes":""},"categories":[48],"tags":[64,274,279,273,277,278,271,281,283,272,280,276,275,159,282],"class_list":{"0":"post-7362","1":"post","2":"type-post","3":"status-publish","4":"format-standard","5":"has-post-thumbnail","7":"category-senegal","8":"tag-afrique","9":"tag-aliou-cisse","10":"tag-amadou-ba","11":"tag-apr","12":"tag-bassirou-diomaye-faye","13":"tag-bathelemy-dias","14":"tag-dakar","15":"tag-el-malick-ndiaye","16":"tag-guy-marius-sagna","17":"tag-macky-sall","18":"tag-madiambal-diagne","19":"tag-ousmane-sonko","20":"tag-pastef","21":"tag-senegal","22":"tag-ziguinchor"},"share_on_mastodon":{"url":"","error":""},"_links":{"self":[{"href":"https:\/\/www.europesays.com\/africa\/wp-json\/wp\/v2\/posts\/7362","targetHints":{"allow":["GET"]}}],"collection":[{"href":"https:\/\/www.europesays.com\/africa\/wp-json\/wp\/v2\/posts"}],"about":[{"href":"https:\/\/www.europesays.com\/africa\/wp-json\/wp\/v2\/types\/post"}],"author":[{"embeddable":true,"href":"https:\/\/www.europesays.com\/africa\/wp-json\/wp\/v2\/users\/2"}],"replies":[{"embeddable":true,"href":"https:\/\/www.europesays.com\/africa\/wp-json\/wp\/v2\/comments?post=7362"}],"version-history":[{"count":0,"href":"https:\/\/www.europesays.com\/africa\/wp-json\/wp\/v2\/posts\/7362\/revisions"}],"wp:featuredmedia":[{"embeddable":true,"href":"https:\/\/www.europesays.com\/africa\/wp-json\/wp\/v2\/media\/7363"}],"wp:attachment":[{"href":"https:\/\/www.europesays.com\/africa\/wp-json\/wp\/v2\/media?parent=7362"}],"wp:term":[{"taxonomy":"category","embeddable":true,"href":"https:\/\/www.europesays.com\/africa\/wp-json\/wp\/v2\/categories?post=7362"},{"taxonomy":"post_tag","embeddable":true,"href":"https:\/\/www.europesays.com\/africa\/wp-json\/wp\/v2\/tags?post=7362"}],"curies":[{"name":"wp","href":"https:\/\/api.w.org\/{rel}","templated":true}]}}