{"id":7408,"date":"2026-01-06T15:15:06","date_gmt":"2026-01-06T15:15:06","guid":{"rendered":"https:\/\/www.europesays.com\/africa\/7408\/"},"modified":"2026-01-06T15:15:06","modified_gmt":"2026-01-06T15:15:06","slug":"direct-algerie-rd-congo-suivez-le-choc-des-8es-de-finale-de-la-can","status":"publish","type":"post","link":"https:\/\/www.europesays.com\/africa\/7408\/","title":{"rendered":"DIRECT. Alg\u00e9rie &#8211; RD Congo : suivez le choc des 8es de finale de la CAN"},"content":{"rendered":"<p>Le gros choc des huiti\u00e8mes de finale de la CAN<\/p>\n<p><a href=\"https:\/\/www.leparisien.fr\/sports\/football\/algerie\/\" target=\"_blank\" rel=\"nofollow noopener\">L&#8217;Alg\u00e9rie <\/a>et la R\u00e9publique d\u00e9mocratique du Congo s&#8217;affrontent ce mardi 6 janvier dans le choc des 8es de finale de la <a href=\"https:\/\/www.leparisien.fr\/sports\/football\/coupe-d-afrique-des-nations\/\" target=\"_blank\" rel=\"nofollow noopener\">CAN 2025<\/a>.Les Fennecs sont l&#8217;une des deux seules \u00e9quipes (avec le Nig\u00e9ria) \u00e0 avoir fait le sans-faute en poules et ont donc logiquement pris la premi\u00e8re place de leur groupe.Emmen\u00e9s par leur capitaine Riyad Mahrez, ils ont battus le Soudan <a href=\"https:\/\/www.leparisien.fr\/sports\/football\/coupe-d-afrique-des-nations\/direct-algerie-soudan-suivez-le-premier-match-des-fennecs-a-la-can-2025-24-12-2025-RGCMDQCVEBHIRP5QCGO7JCCGKE.php\" target=\"_blank\" rel=\"nofollow noopener\">(3-0)<\/a>, le Burkina Faso <a href=\"https:\/\/www.leparisien.fr\/sports\/football\/coupe-d-afrique-des-nations\/direct-algerie-burkina-faso-les-fennecs-visent-la-qualification-pour-les-8es-28-12-2025-RV6OCOPY2NAHBGHUEQGB32Q77Y.php\" target=\"_blank\" rel=\"nofollow noopener\">(1-0)<\/a> et enfin la Guin\u00e9e \u00e9quatoriale <a href=\"https:\/\/www.leparisien.fr\/sports\/football\/coupe-d-afrique-des-nations\/direct-guinee-equatoriale-algerie-deja-qualifies-les-fennecs-veulent-bien-conclure-leur-phase-de-poules-31-12-2025-CSUFJC7X3FCQHAIDYUW3KQLVAM.php\" target=\"_blank\" rel=\"nofollow noopener\">(3-1)<\/a>.La RDC a elle termin\u00e9 \u00e0 la 2e place de son groupe D derri\u00e8re le S\u00e9n\u00e9gal \u00e0 la diff\u00e9rence de buts avec deux victoires (<a href=\"https:\/\/www.leparisien.fr\/sports\/football\/coupe-d-afrique-des-nations\/direct-rd-congo-benin-suivez-le-premier-match-du-groupe-d-de-la-can-2025-23-12-2025-SENWMJD4T5B2BNGK2TLLDYADPA.php\" target=\"_blank\" rel=\"nofollow noopener\">1-0<\/a> contre le B\u00e9nin, 3-0 contre le Botswana) et un nul (<a href=\"https:\/\/www.leparisien.fr\/sports\/football\/coupe-d-afrique-des-nations\/direct-senegal-rd-congo-suivez-le-2e-match-des-lions-de-la-teranga-a-la-can-2025-27-12-2025-CCANSLBVRFGDNEGCJMN5XAX2HA.php\" target=\"_blank\" rel=\"nofollow noopener\">1-1 face aux Lions<\/a>).On conna\u00eet d\u00e9j\u00e0 six qualifi\u00e9s pour les quarts : le Mali, le S\u00e9n\u00e9gal, le Cameroun, le Maroc, l&#8217;Egypte et le Nig\u00e9ria.<\/p>\n","protected":false},"excerpt":{"rendered":"Le gros choc des huiti\u00e8mes de finale de la CAN L&#8217;Alg\u00e9rie et la R\u00e9publique d\u00e9mocratique du Congo s&#8217;affrontent&hellip;\n","protected":false},"author":2,"featured_media":7409,"comment_status":"","ping_status":"","sticky":false,"template":"","format":"standard","meta":{"footnotes":""},"categories":[254],"tags":[255,5243,4295],"class_list":{"0":"post-7408","1":"post","2":"type-post","3":"status-publish","4":"format-standard","5":"has-post-thumbnail","7":"category-algerie","8":"tag-algerie","9":"tag-direct","10":"tag-match"},"share_on_mastodon":{"url":"","error":""},"_links":{"self":[{"href":"https:\/\/www.europesays.com\/africa\/wp-json\/wp\/v2\/posts\/7408","targetHints":{"allow":["GET"]}}],"collection":[{"href":"https:\/\/www.europesays.com\/africa\/wp-json\/wp\/v2\/posts"}],"about":[{"href":"https:\/\/www.europesays.com\/africa\/wp-json\/wp\/v2\/types\/post"}],"author":[{"embeddable":true,"href":"https:\/\/www.europesays.com\/africa\/wp-json\/wp\/v2\/users\/2"}],"replies":[{"embeddable":true,"href":"https:\/\/www.europesays.com\/africa\/wp-json\/wp\/v2\/comments?post=7408"}],"version-history":[{"count":0,"href":"https:\/\/www.europesays.com\/africa\/wp-json\/wp\/v2\/posts\/7408\/revisions"}],"wp:featuredmedia":[{"embeddable":true,"href":"https:\/\/www.europesays.com\/africa\/wp-json\/wp\/v2\/media\/7409"}],"wp:attachment":[{"href":"https:\/\/www.europesays.com\/africa\/wp-json\/wp\/v2\/media?parent=7408"}],"wp:term":[{"taxonomy":"category","embeddable":true,"href":"https:\/\/www.europesays.com\/africa\/wp-json\/wp\/v2\/categories?post=7408"},{"taxonomy":"post_tag","embeddable":true,"href":"https:\/\/www.europesays.com\/africa\/wp-json\/wp\/v2\/tags?post=7408"}],"curies":[{"name":"wp","href":"https:\/\/api.w.org\/{rel}","templated":true}]}}