{"id":7431,"date":"2026-01-06T15:29:06","date_gmt":"2026-01-06T15:29:06","guid":{"rendered":"https:\/\/www.europesays.com\/africa\/7431\/"},"modified":"2026-01-06T15:29:06","modified_gmt":"2026-01-06T15:29:06","slug":"algerie-rd-congo-la-composition-de-lequipe-des-fennecs-pour-le-8e-de-finale-avec-zidane-et-mahrez","status":"publish","type":"post","link":"https:\/\/www.europesays.com\/africa\/7431\/","title":{"rendered":"Alg\u00e9rie &#8211; RD Congo\u00a0: la composition de l\u2019\u00e9quipe des Fennecs pour le 8e de finale, avec Zidane et Mahrez"},"content":{"rendered":"<p class=\"paragraph text_align_left lp-f-body-02\">Du classique pour <a href=\"https:\/\/www.leparisien.fr\/sports\/football\/algerie\/\" target=\"_blank\" rel=\"noreferrer nofollow noopener\">l\u2019Alg\u00e9rie<\/a>. Vladimir Petkovic a livr\u00e9 sa composition d\u2019\u00e9quipe pour le huiti\u00e8me de finale des Fennecs face \u00e0 la R\u00e9publique d\u00e9mocratique du Congo, affiche la plus attendue de ce d\u00e9but de phase \u00e0 \u00e9limination directe de la <a href=\"https:\/\/www.leparisien.fr\/sports\/football\/coupe-d-afrique-des-nations\/\" target=\"_self\" rel=\"nofollow noopener\">Coupe d\u2019Afrique des nations 2025<\/a>. Le capitaine Riyad Mahrez sera de la partie, comme le meilleur joueur alg\u00e9rien, Ibrahim Maza et le gardien Luca Zidane.<\/p>\n<p class=\"\">Le s\u00e9lectionneur a ainsi privil\u00e9gi\u00e9 l\u2019exp\u00e9rience apr\u00e8s avoir laiss\u00e9 le terrain aux jeunes lors de l\u2019ultime match de poule contre la Guin\u00e9e \u00e9quatoriale (3-1). L\u2019ailier droit Anis Hadj Moussa retrouve le banc pour ouvrir le couloir \u00e0 son capitaine, Monsef Bakrar c\u00e8de la pointe de l\u2019attaque \u00e0 Mohamed Amoura, \u00e9tonnamment muet face aux cages adverses depuis le d\u00e9but de la comp\u00e9tition.<\/p>\n<p class=\"\">Le onze de l\u2019Alg\u00e9rie\u00a0: Luca Zidane &#8211; Rafik Belghali, A\u00efssa Mandi, Ramy Benseba\u00efni, Rayan A\u00eft-Nouri &#8211; Isma\u00ebl Bennacer, Hicham Boudaoui &#8211; Riyad Mahrez (cap.), Ibrahim Maza, Far\u00e8s Cha\u00efbi &#8211; Mohamed Amoura<\/p>\n<p class=\"\">Le onze de la RD Congo\u00a0: Lionel Mpasi &#8211; Aaron Wan-Bissaka, Chancel Mbemba (cap.), Axel Tuanzebe, Joris Kayembe &#8211; Ngal\u2019ayel Mukau, Samuel Moutoussamy, Noah Sadiki &#8211; Th\u00e9o Bongonda, C\u00e9dric Bakambu, Meschack Elia<\/p>\n<p class=\"\">C\u00f4t\u00e9 RDC, Chancel Mbemba conserve le brassard. Le Lillois sera bien accompagn\u00e9 en charni\u00e8re avec Axel Tuanzebe. Son \u00e9quipier nordiste Ngal\u2019ayel Mukau sera un cran plus haut en compagnie de Noah Sadiki et Samuel Moutoussamy. Devant, C\u00e9dric Bakambu sera aux manettes de l\u2019attaque des L\u00e9opards.<\/p>\n","protected":false},"excerpt":{"rendered":"Du classique pour l\u2019Alg\u00e9rie. Vladimir Petkovic a livr\u00e9 sa composition d\u2019\u00e9quipe pour le huiti\u00e8me de finale des Fennecs&hellip;\n","protected":false},"author":2,"featured_media":7432,"comment_status":"","ping_status":"","sticky":false,"template":"","format":"standard","meta":{"footnotes":""},"categories":[254],"tags":[255,360,311,264],"class_list":{"0":"post-7431","1":"post","2":"type-post","3":"status-publish","4":"format-standard","5":"has-post-thumbnail","7":"category-algerie","8":"tag-algerie","9":"tag-can","10":"tag-football","11":"tag-sports"},"share_on_mastodon":{"url":"","error":""},"_links":{"self":[{"href":"https:\/\/www.europesays.com\/africa\/wp-json\/wp\/v2\/posts\/7431","targetHints":{"allow":["GET"]}}],"collection":[{"href":"https:\/\/www.europesays.com\/africa\/wp-json\/wp\/v2\/posts"}],"about":[{"href":"https:\/\/www.europesays.com\/africa\/wp-json\/wp\/v2\/types\/post"}],"author":[{"embeddable":true,"href":"https:\/\/www.europesays.com\/africa\/wp-json\/wp\/v2\/users\/2"}],"replies":[{"embeddable":true,"href":"https:\/\/www.europesays.com\/africa\/wp-json\/wp\/v2\/comments?post=7431"}],"version-history":[{"count":0,"href":"https:\/\/www.europesays.com\/africa\/wp-json\/wp\/v2\/posts\/7431\/revisions"}],"wp:featuredmedia":[{"embeddable":true,"href":"https:\/\/www.europesays.com\/africa\/wp-json\/wp\/v2\/media\/7432"}],"wp:attachment":[{"href":"https:\/\/www.europesays.com\/africa\/wp-json\/wp\/v2\/media?parent=7431"}],"wp:term":[{"taxonomy":"category","embeddable":true,"href":"https:\/\/www.europesays.com\/africa\/wp-json\/wp\/v2\/categories?post=7431"},{"taxonomy":"post_tag","embeddable":true,"href":"https:\/\/www.europesays.com\/africa\/wp-json\/wp\/v2\/tags?post=7431"}],"curies":[{"name":"wp","href":"https:\/\/api.w.org\/{rel}","templated":true}]}}