{"id":7433,"date":"2026-01-06T15:30:07","date_gmt":"2026-01-06T15:30:07","guid":{"rendered":"https:\/\/www.europesays.com\/africa\/7433\/"},"modified":"2026-01-06T15:30:07","modified_gmt":"2026-01-06T15:30:07","slug":"senegal-affaire-softcare-une-mission-dinformation-parlementaire-officiellement-installee","status":"publish","type":"post","link":"https:\/\/www.europesays.com\/africa\/7433\/","title":{"rendered":"S\u00e9n\u00e9gal: Affaire Softcare &#8211; Une mission d&#8217;information parlementaire officiellement install\u00e9e"},"content":{"rendered":"<p class=\"story-body-text\" data-para-word-count=\"54\">L&#8217;Assembl\u00e9e nationale a proc\u00e9d\u00e9, ce lundi 5 janvier 2026, \u00e0 l&#8217;installation officielle de la mission d&#8217;information parlementaire charg\u00e9e d&#8217;examiner les conditions de commercialisation des produits de marque Softcare au S\u00e9n\u00e9gal. Mise en place conform\u00e9ment au R\u00e8glement int\u00e9rieur, cette mission vise \u00e0 faire toute la lumi\u00e8re sur les enjeux sanitaires et de protection des consommateurs.<\/p>\n<p class=\"story-body-text\" data-para-word-count=\"49\">La mission d&#8217;information parlementaire relative \u00e0 la commercialisation des produits SOFTCARE au S\u00e9n\u00e9gal a \u00e9t\u00e9 officiellement install\u00e9e le lundi 5 janvier 2026. Elle fait suite \u00e0 son approbation par le Bureau de l&#8217;Assembl\u00e9e nationale, intervenue le 29 d\u00e9cembre 2025, en application de l&#8217;article 51 du R\u00e8glement int\u00e9rieur de l&#8217;institution.<\/p>\n<p class=\"story-body-text\" data-para-word-count=\"31\">La c\u00e9r\u00e9monie d&#8217;installation s&#8217;est d\u00e9roul\u00e9e sous la pr\u00e9sidence de l&#8217;Honorable D\u00e9put\u00e9 Mb\u00e8ne Faye, 4e Vice-pr\u00e9sidente de l&#8217;Assembl\u00e9e nationale, dans un cadre solennel, conforme aux exigences attach\u00e9es \u00e0 l&#8217;exercice du contr\u00f4le parlementaire.<\/p>\n<p class=\"story-body-text\" data-para-word-count=\"6\">Une composition pluraliste de onze d\u00e9put\u00e9s<\/p>\n<p class=\"story-body-text\" style=\"text-align: center;\">\n<p>Suivez-nous sur <a href=\"https:\/\/whatsapp.com\/channel\/0029Vae09IP4inotqC0BUQ2V\" target=\"_blank\" rel=\"nofollow noopener\">WhatsApp<\/a> | <a href=\"https:\/\/www.linkedin.com\/company\/allafrica\/\" target=\"_blank\" rel=\"nofollow noopener\">LinkedIn<\/a> pour les derniers titres<\/p>\n<p class=\"story-body-text\" data-para-word-count=\"45\">La mission est compos\u00e9e de onze (11) d\u00e9put\u00e9s issus de la Commission de la Sant\u00e9, de la Population, des Affaires sociales et de la Solidarit\u00e9 nationale. Sa composition respecte le principe du pluralisme politique et la repr\u00e9sentation proportionnelle des entit\u00e9s administrativement constitu\u00e9es \u00e0 l&#8217;Assembl\u00e9e nationale.<\/p>\n<p class=\"story-body-text\" data-para-word-count=\"26\">Elle comprend neuf (9) membres du Groupe parlementaire PASTEF les Patriotes, un (1) membre du Groupe parlementaire Takku Wallu, ainsi qu&#8217;un (1) d\u00e9put\u00e9 repr\u00e9sentant les Non-inscrits.<\/p>\n<p class=\"story-body-text\" data-para-word-count=\"11\">Le Bureau de la mission d&#8217;information est structur\u00e9 comme suit :<\/p>\n<p class=\"story-body-text\" data-para-word-count=\"4\">Pr\u00e9sidente : Khady Sarr<\/p>\n<p class=\"story-body-text\" data-para-word-count=\"5\">1\u18f4e Vice-pr\u00e9sidente : Raqui Diallo<\/p>\n<p class=\"story-body-text\" data-para-word-count=\"6\">2e Vice-pr\u00e9sident : Papa Tahirou Sarr<\/p>\n<p class=\"story-body-text\" data-para-word-count=\"4\">Rapporteur : Boye Baby<\/p>\n<p class=\"story-body-text\" data-para-word-count=\"9\">Un mandat de 30 jours, avec possibilit\u00e9 de prorogation<\/p>\n<p class=\"story-body-text\" data-para-word-count=\"45\">La mission est investie d&#8217;un mandat temporaire d&#8217;une dur\u00e9e de trente (30) jours \u00e0 compter de sa date d&#8217;installation. Cette p\u00e9riode pourra \u00eatre prorog\u00e9e par d\u00e9cision du Bureau de l&#8217;Assembl\u00e9e nationale, si les n\u00e9cessit\u00e9s de service et l&#8217;exigence d&#8217;un \u00e9tablissement exhaustif des faits le justifient.<\/p>\n<p class=\"story-body-text\" data-para-word-count=\"4\">Auditions et recommandations attendues<\/p>\n<p class=\"story-body-text\" data-para-word-count=\"39\">Dans le strict respect des r\u00e8gles encadrant le contr\u00f4le parlementaire, des secrets l\u00e9galement prot\u00e9g\u00e9s et des droits des personnes, la mission m\u00e8nera des auditions, consultations, demandes d&#8217;informations et visites de terrain. Sa d\u00e9marche se veut rigoureuse, contradictoire et document\u00e9e.<\/p>\n<p class=\"story-body-text\" data-para-word-count=\"32\">\u00c0 l&#8217;issue de ses travaux, elle formulera des recommandations op\u00e9rationnelles destin\u00e9es \u00e0 renforcer la transparence et la redevabilit\u00e9 publiques, \u00e0 consolider la protection des consommateurs et \u00e0 pr\u00e9venir durablement les risques sanitaires.<\/p>\n","protected":false},"excerpt":{"rendered":"L&#8217;Assembl\u00e9e nationale a proc\u00e9d\u00e9, ce lundi 5 janvier 2026, \u00e0 l&#8217;installation officielle de la mission d&#8217;information parlementaire charg\u00e9e&hellip;\n","protected":false},"author":2,"featured_media":7434,"comment_status":"","ping_status":"","sticky":false,"template":"","format":"standard","meta":{"footnotes":""},"categories":[48],"tags":[63,83,265,262,268,1988,96,261,159,264,263,266,325],"class_list":{"0":"post-7433","1":"post","2":"type-post","3":"status-publish","4":"format-standard","5":"has-post-thumbnail","7":"category-senegal","8":"tag-africa","9":"tag-business","10":"tag-current-events","11":"tag-economy","12":"tag-governance","13":"tag-health-and-medicine","14":"tag-news","15":"tag-politics","16":"tag-senegal","17":"tag-sports","18":"tag-trade","19":"tag-travel","20":"tag-west-africa"},"share_on_mastodon":{"url":"","error":""},"_links":{"self":[{"href":"https:\/\/www.europesays.com\/africa\/wp-json\/wp\/v2\/posts\/7433","targetHints":{"allow":["GET"]}}],"collection":[{"href":"https:\/\/www.europesays.com\/africa\/wp-json\/wp\/v2\/posts"}],"about":[{"href":"https:\/\/www.europesays.com\/africa\/wp-json\/wp\/v2\/types\/post"}],"author":[{"embeddable":true,"href":"https:\/\/www.europesays.com\/africa\/wp-json\/wp\/v2\/users\/2"}],"replies":[{"embeddable":true,"href":"https:\/\/www.europesays.com\/africa\/wp-json\/wp\/v2\/comments?post=7433"}],"version-history":[{"count":0,"href":"https:\/\/www.europesays.com\/africa\/wp-json\/wp\/v2\/posts\/7433\/revisions"}],"wp:featuredmedia":[{"embeddable":true,"href":"https:\/\/www.europesays.com\/africa\/wp-json\/wp\/v2\/media\/7434"}],"wp:attachment":[{"href":"https:\/\/www.europesays.com\/africa\/wp-json\/wp\/v2\/media?parent=7433"}],"wp:term":[{"taxonomy":"category","embeddable":true,"href":"https:\/\/www.europesays.com\/africa\/wp-json\/wp\/v2\/categories?post=7433"},{"taxonomy":"post_tag","embeddable":true,"href":"https:\/\/www.europesays.com\/africa\/wp-json\/wp\/v2\/tags?post=7433"}],"curies":[{"name":"wp","href":"https:\/\/api.w.org\/{rel}","templated":true}]}}