{"id":7435,"date":"2026-01-06T15:31:12","date_gmt":"2026-01-06T15:31:12","guid":{"rendered":"https:\/\/www.europesays.com\/africa\/7435\/"},"modified":"2026-01-06T15:31:12","modified_gmt":"2026-01-06T15:31:12","slug":"wissam-ben-yedder-rejoint-le-maroc-et-un-troisieme-club-en-moins-dun-an-maroc-wydad-casablanca","status":"publish","type":"post","link":"https:\/\/www.europesays.com\/africa\/7435\/","title":{"rendered":"Wissam Ben Yedder rejoint le Maroc et un troisi\u00e8me club en moins d\u2019un an &#8211; Maroc &#8211; Wydad Casablanca"},"content":{"rendered":"<p>Jamais deux sans trois.<\/p>\n<p>Loin de la France, Wissam Ben Yedder va d\u00e9couvrir un troisi\u00e8me club en moins d\u2019un an. Selon<a target=\"_blank\" href=\"https:\/\/www.lequipe.fr\/Football\/Actualites\/Mercato-wissem-ben-yedder-a-signe-au-wydad-athletic-club-et-rejoint-le-championnat-du-maroc\/1631528\" rel=\"nofollow noopener\"> L\u2019\u00c9quipe<\/a>, l\u2019attaquant s\u2019est engag\u00e9 avec le Wydad Athletic Club de Casablanca. Son contrat court sur six mois, mais comporte une option de prolongation d\u2019une ann\u00e9e suppl\u00e9mentaire.<\/p>\n<p>Son aventure au sein du club turc de deuxi\u00e8me division Sakaryaspor prend donc d\u00e9j\u00e0 fin, apr\u00e8s seulement quatre mois. Pourtant, il y avait r\u00e9cemment retrouv\u00e9 la forme, inscrivant 5 buts et d\u00e9livrant 3 passes d\u00e9cisives en 14 matchs de championnat, apr\u00e8s une courte parenth\u00e8se en Iran au printemps dernier.<\/p>\n<p>Une affaire judiciaire toujours en cours en France<\/p>\n<p>Avec son nouveau club au Maroc, Ben Yedder \u00e9voluera de nouveau au plus haut niveau national, contrairement \u00e0 la deuxi\u00e8me division turque. En effet, le Wydad est actuellement leader du championnat, et la mission est claire : remporter le premier titre de champion depuis 2022.<\/p>\n<p>Ses passages depuis son d\u00e9part de Monaco \u00e0 l\u2019\u00e9t\u00e9 2024 \u2013 en Iran, en Turquie et d\u00e9sormais au Maroc \u2013 ont un point commun : ils lui permettent de gagner sa vie loin <a target=\"_blank\" href=\"https:\/\/www.sofoot.com\/breves\/wissam-ben-yedder-va-etre-juge-pour-viol-devant-la-cour-criminelle\" rel=\"nofollow noopener\">de ses affaires judiciaires en France<\/a>, o\u00f9 il a \u00e9t\u00e9 renvoy\u00e9 devant la cour criminelle des Alpes-Maritimes avec son fr\u00e8re pour viol, tentative de viol et agression sexuelle, une d\u00e9cision dont il a fait appel, apr\u00e8s avoir \u00e9t\u00e9 jug\u00e9 coupable de violences psychologiques sur son \u00e9pouse en premi\u00e8re instance par le tribunal correctionnel de Nice.<\/p>\n<p>\t\t\t\t\t\t\t\t\t\t<a class=\"lien-connexe\" href=\"https:\/\/www.sofoot.com\/breves\/maroc-une-chanteuse-franco-marocaine-doit-son-prenom-au-club-de-sa-ville-le-wydad-casablanca\" rel=\"nofollow noopener\" target=\"_blank\">Cette chanteuse franco-marocaine qui tient son pr\u00e9nom du Wydad Casablanca<\/a>\t\t\t\t\t<\/p>\n","protected":false},"excerpt":{"rendered":"Jamais deux sans trois. Loin de la France, Wissam Ben Yedder va d\u00e9couvrir un troisi\u00e8me club en moins&hellip;\n","protected":false},"author":2,"featured_media":7436,"comment_status":"","ping_status":"","sticky":false,"template":"","format":"standard","meta":{"footnotes":""},"categories":[41],"tags":[1213,1211,1219,1215,1214,311,1218,1216,158,1212,1080,1217],"class_list":{"0":"post-7435","1":"post","2":"type-post","3":"status-publish","4":"format-standard","5":"has-post-thumbnail","7":"category-maroc","8":"tag-actualite","9":"tag-actus-football","10":"tag-bundesliga","11":"tag-championnats-europeens","12":"tag-equipe-de-france","13":"tag-football","14":"tag-ligua","15":"tag-ligue-1","16":"tag-maroc","17":"tag-news-foot","18":"tag-premier-league","19":"tag-serie-a"},"share_on_mastodon":{"url":"","error":""},"_links":{"self":[{"href":"https:\/\/www.europesays.com\/africa\/wp-json\/wp\/v2\/posts\/7435","targetHints":{"allow":["GET"]}}],"collection":[{"href":"https:\/\/www.europesays.com\/africa\/wp-json\/wp\/v2\/posts"}],"about":[{"href":"https:\/\/www.europesays.com\/africa\/wp-json\/wp\/v2\/types\/post"}],"author":[{"embeddable":true,"href":"https:\/\/www.europesays.com\/africa\/wp-json\/wp\/v2\/users\/2"}],"replies":[{"embeddable":true,"href":"https:\/\/www.europesays.com\/africa\/wp-json\/wp\/v2\/comments?post=7435"}],"version-history":[{"count":0,"href":"https:\/\/www.europesays.com\/africa\/wp-json\/wp\/v2\/posts\/7435\/revisions"}],"wp:featuredmedia":[{"embeddable":true,"href":"https:\/\/www.europesays.com\/africa\/wp-json\/wp\/v2\/media\/7436"}],"wp:attachment":[{"href":"https:\/\/www.europesays.com\/africa\/wp-json\/wp\/v2\/media?parent=7435"}],"wp:term":[{"taxonomy":"category","embeddable":true,"href":"https:\/\/www.europesays.com\/africa\/wp-json\/wp\/v2\/categories?post=7435"},{"taxonomy":"post_tag","embeddable":true,"href":"https:\/\/www.europesays.com\/africa\/wp-json\/wp\/v2\/tags?post=7435"}],"curies":[{"name":"wp","href":"https:\/\/api.w.org\/{rel}","templated":true}]}}