{"id":7456,"date":"2026-01-06T15:46:07","date_gmt":"2026-01-06T15:46:07","guid":{"rendered":"https:\/\/www.europesays.com\/africa\/7456\/"},"modified":"2026-01-06T15:46:07","modified_gmt":"2026-01-06T15:46:07","slug":"le-pr-moussa-seydi-va-revenir-sur-la-gestion-de-la-pandemie-de-covid-19","status":"publish","type":"post","link":"https:\/\/www.europesays.com\/africa\/7456\/","title":{"rendered":"le Pr Moussa Seydi va revenir sur la gestion de la pand\u00e9mie de Covid-19"},"content":{"rendered":"<p style=\"text-align: justify;\">Pour l\u2019ann\u00e9e acad\u00e9mique 2025-2026, l\u2019Universit\u00e9 Cheikh Anta Diop de Dakar (UCAD) a choisi le Professeur Moussa Seydi pour prononcer la le\u00e7on inaugurale, pr\u00e9vue le jeudi 8 janvier 2026 \u00e0 15 heures, \u00e0 l\u2019UCAD II. Le th\u00e8me retenu porte sur \u00ab Les le\u00e7ons tir\u00e9es de la Covid-19 \u00bb. <\/p>\n<p style=\"text-align: justify;\">Selon un communiqu\u00e9 de l\u2019UCAD parvenu \u00e0 Dakaractu, le chef du Service des maladies infectieuses et tropicales du Centre hospitalier national universitaire de Fann a \u00e9t\u00e9 en premi\u00e8re ligne dans la lutte contre la pand\u00e9mie de Covid-19, dont le premier cas au S\u00e9n\u00e9gal a \u00e9t\u00e9 enregistr\u00e9 en mars 2020. <\/p>\n<p style=\"text-align: justify;\">Membre du Comit\u00e9 national de gestion des \u00e9pid\u00e9mies, le Pr Moussa Seydi a jou\u00e9 un r\u00f4le central dans la prise en charge des patients atteints de la Covid-19 \u00e0 l\u2019\u00e9chelle nationale. Gr\u00e2ce \u00e0 cette organisation et \u00e0 une r\u00e9ponse sanitaire jug\u00e9e efficace, le S\u00e9n\u00e9gal a enregistr\u00e9 un faible taux de d\u00e9c\u00e8s, comparativement \u00e0 plusieurs pays disposant pourtant de moyens plus importants. <\/p>\n<p style=\"text-align: justify;\">Cette performance a valu au pays d\u2019\u00eatre salu\u00e9 par de nombreux sp\u00e9cialistes et experts internationaux, qui ont mis en avant la &#8220;diligence&#8221; et la &#8220;r\u00e9activit\u00e9&#8221; du syst\u00e8me de sant\u00e9 s\u00e9n\u00e9galais face \u00e0 cette crise sanitaire mondiale. <\/p>\n<p>\u00a0<\/p>\n","protected":false},"excerpt":{"rendered":"Pour l\u2019ann\u00e9e acad\u00e9mique 2025-2026, l\u2019Universit\u00e9 Cheikh Anta Diop de Dakar (UCAD) a choisi le Professeur Moussa Seydi pour&hellip;\n","protected":false},"author":2,"featured_media":7457,"comment_status":"","ping_status":"","sticky":false,"template":"","format":"standard","meta":{"footnotes":""},"categories":[48],"tags":[64,274,279,273,277,278,271,281,283,272,280,276,275,159,282],"class_list":{"0":"post-7456","1":"post","2":"type-post","3":"status-publish","4":"format-standard","5":"has-post-thumbnail","7":"category-senegal","8":"tag-afrique","9":"tag-aliou-cisse","10":"tag-amadou-ba","11":"tag-apr","12":"tag-bassirou-diomaye-faye","13":"tag-bathelemy-dias","14":"tag-dakar","15":"tag-el-malick-ndiaye","16":"tag-guy-marius-sagna","17":"tag-macky-sall","18":"tag-madiambal-diagne","19":"tag-ousmane-sonko","20":"tag-pastef","21":"tag-senegal","22":"tag-ziguinchor"},"share_on_mastodon":{"url":"","error":""},"_links":{"self":[{"href":"https:\/\/www.europesays.com\/africa\/wp-json\/wp\/v2\/posts\/7456","targetHints":{"allow":["GET"]}}],"collection":[{"href":"https:\/\/www.europesays.com\/africa\/wp-json\/wp\/v2\/posts"}],"about":[{"href":"https:\/\/www.europesays.com\/africa\/wp-json\/wp\/v2\/types\/post"}],"author":[{"embeddable":true,"href":"https:\/\/www.europesays.com\/africa\/wp-json\/wp\/v2\/users\/2"}],"replies":[{"embeddable":true,"href":"https:\/\/www.europesays.com\/africa\/wp-json\/wp\/v2\/comments?post=7456"}],"version-history":[{"count":0,"href":"https:\/\/www.europesays.com\/africa\/wp-json\/wp\/v2\/posts\/7456\/revisions"}],"wp:featuredmedia":[{"embeddable":true,"href":"https:\/\/www.europesays.com\/africa\/wp-json\/wp\/v2\/media\/7457"}],"wp:attachment":[{"href":"https:\/\/www.europesays.com\/africa\/wp-json\/wp\/v2\/media?parent=7456"}],"wp:term":[{"taxonomy":"category","embeddable":true,"href":"https:\/\/www.europesays.com\/africa\/wp-json\/wp\/v2\/categories?post=7456"},{"taxonomy":"post_tag","embeddable":true,"href":"https:\/\/www.europesays.com\/africa\/wp-json\/wp\/v2\/tags?post=7456"}],"curies":[{"name":"wp","href":"https:\/\/api.w.org\/{rel}","templated":true}]}}