{"id":7480,"date":"2026-01-06T16:00:51","date_gmt":"2026-01-06T16:00:51","guid":{"rendered":"https:\/\/www.europesays.com\/africa\/7480\/"},"modified":"2026-01-06T16:00:51","modified_gmt":"2026-01-06T16:00:51","slug":"les-inscriptions-closes-le-9-janvier-a-17-heures","status":"publish","type":"post","link":"https:\/\/www.europesays.com\/africa\/7480\/","title":{"rendered":"les inscriptions closes le 9 janvier \u00e0 17 heures"},"content":{"rendered":"<p style=\"text-align: justify;\">L\u2019Office du Baccalaur\u00e9at informe le public que la r\u00e9ception des candidatures \u00e0 l\u2019examen du Baccalaur\u00e9at 2026 est actuellement en cours et sera cl\u00f4tur\u00e9e le vendredi 9 janvier 2026 \u00e0 17 heures pr\u00e9cises. <\/p>\n<p style=\"text-align: justify;\">Selon un communiqu\u00e9 dat\u00e9 du 5 janvier 2026, cette \u00e9ch\u00e9ance est fix\u00e9e conform\u00e9ment \u00e0 l\u2019arr\u00eat\u00e9 n\u00b0 040901 du 14 novembre 2025 portant organisation de l\u2019examen. L\u2019Office pr\u00e9cise qu\u2019aucune inscription ne sera accept\u00e9e apr\u00e8s cette date. Par cons\u00e9quent, tout candidat non enregistr\u00e9 sur la plateforme PortailBAC sera d\u00e9clar\u00e9 forclos, sans possibilit\u00e9 de r\u00e9gularisation ult\u00e9rieure. <\/p>\n<p style=\"text-align: justify;\">Les chefs d\u2019\u00e9tablissement, directeurs de CAOSP, charg\u00e9s d\u2019examen, ainsi que les candidats et parents d\u2019\u00e9l\u00e8ves, sont invit\u00e9s \u00e0 prendre toutes les dispositions n\u00e9cessaires pour assurer :\u00a0 <\/p>\n<p style=\"text-align: justify;\">le d\u00e9p\u00f4t effectif des dossiers de candidature sur la plateforme PortailBAC ; <\/p>\n<p style=\"text-align: justify;\">la validation compl\u00e8te des dossiers avant la date limite ; <\/p>\n<p style=\"text-align: justify;\">l\u2019absence de tout pr\u00e9judice pour les candidats \u00e9ligibles li\u00e9 \u00e0 un retard administratif. <\/p>\n<p style=\"text-align: justify;\">L\u2019Office du Baccalaur\u00e9at appelle enfin \u00e0 la collaboration et \u00e0 la vigilance de tous afin de garantir la bonne organisation de l\u2019examen du Baccalaur\u00e9at 2026. <\/p>\n","protected":false},"excerpt":{"rendered":"L\u2019Office du Baccalaur\u00e9at informe le public que la r\u00e9ception des candidatures \u00e0 l\u2019examen du Baccalaur\u00e9at 2026 est actuellement&hellip;\n","protected":false},"author":2,"featured_media":7481,"comment_status":"","ping_status":"","sticky":false,"template":"","format":"standard","meta":{"footnotes":""},"categories":[48],"tags":[64,274,279,273,277,278,271,281,283,272,280,276,275,159,282],"class_list":{"0":"post-7480","1":"post","2":"type-post","3":"status-publish","4":"format-standard","5":"has-post-thumbnail","7":"category-senegal","8":"tag-afrique","9":"tag-aliou-cisse","10":"tag-amadou-ba","11":"tag-apr","12":"tag-bassirou-diomaye-faye","13":"tag-bathelemy-dias","14":"tag-dakar","15":"tag-el-malick-ndiaye","16":"tag-guy-marius-sagna","17":"tag-macky-sall","18":"tag-madiambal-diagne","19":"tag-ousmane-sonko","20":"tag-pastef","21":"tag-senegal","22":"tag-ziguinchor"},"share_on_mastodon":{"url":"","error":""},"_links":{"self":[{"href":"https:\/\/www.europesays.com\/africa\/wp-json\/wp\/v2\/posts\/7480","targetHints":{"allow":["GET"]}}],"collection":[{"href":"https:\/\/www.europesays.com\/africa\/wp-json\/wp\/v2\/posts"}],"about":[{"href":"https:\/\/www.europesays.com\/africa\/wp-json\/wp\/v2\/types\/post"}],"author":[{"embeddable":true,"href":"https:\/\/www.europesays.com\/africa\/wp-json\/wp\/v2\/users\/2"}],"replies":[{"embeddable":true,"href":"https:\/\/www.europesays.com\/africa\/wp-json\/wp\/v2\/comments?post=7480"}],"version-history":[{"count":0,"href":"https:\/\/www.europesays.com\/africa\/wp-json\/wp\/v2\/posts\/7480\/revisions"}],"wp:featuredmedia":[{"embeddable":true,"href":"https:\/\/www.europesays.com\/africa\/wp-json\/wp\/v2\/media\/7481"}],"wp:attachment":[{"href":"https:\/\/www.europesays.com\/africa\/wp-json\/wp\/v2\/media?parent=7480"}],"wp:term":[{"taxonomy":"category","embeddable":true,"href":"https:\/\/www.europesays.com\/africa\/wp-json\/wp\/v2\/categories?post=7480"},{"taxonomy":"post_tag","embeddable":true,"href":"https:\/\/www.europesays.com\/africa\/wp-json\/wp\/v2\/tags?post=7480"}],"curies":[{"name":"wp","href":"https:\/\/api.w.org\/{rel}","templated":true}]}}