{"id":757,"date":"2026-01-03T16:50:07","date_gmt":"2026-01-03T16:50:07","guid":{"rendered":"https:\/\/www.europesays.com\/africa\/757\/"},"modified":"2026-01-03T16:50:07","modified_gmt":"2026-01-03T16:50:07","slug":"une-chute-des-blessures-et-trop-de-zones-dombre-autour-de-la-mort-de-mame-youma-fall-au-pied-de-limmeuble-de-son-copain","status":"publish","type":"post","link":"https:\/\/www.europesays.com\/africa\/757\/","title":{"rendered":"une chute, des blessures et trop de zones d\u2019ombre autour de la mort de Mame Youma Fall au pied de l\u2019immeuble de son copain"},"content":{"rendered":"<p data-originalcomputedfontsize=\"16\" data-removefontsize=\"true\" style=\"font-size: 1rem; -webkit-text-size-adjust: auto; caret-color: rgb(212, 212, 213); font-family: -apple-system, sans-serif; word-spacing: 1px; -webkit-tap-highlight-color: rgba(255, 255, 255, 0.25); border-color: rgb(49, 49, 49); color: rgb(49, 49, 49);\">La cit\u00e9 Lobatt-Fall de Pikine est encore sous le choc. Depuis le d\u00e9but de l\u2019ann\u00e9e 2026, un d\u00e9c\u00e8s aussi brutal qu\u2019intrigant alimente interrogations et rumeurs dans ce quartier populaire de la banlieue dakaroise. Une dame, identifi\u00e9e comme Mame Youma Fall, a \u00e9t\u00e9 retrouv\u00e9e gri\u00e8vement bless\u00e9e au pied de l\u2019immeuble de son copain avant de succomber \u00e0 ses blessures \u00e0 l\u2019h\u00f4pital Idrissa Pouye de Grand Yoff. Un drame aux contours flous que les enqu\u00eateurs tentent de d\u00e9m\u00ealer, selon les informations rapport\u00e9es par L\u2019Observateur. <\/p>\n<p style=\"-webkit-text-size-adjust: auto; caret-color: rgb(212, 212, 213); font-family: -apple-system, sans-serif; word-spacing: 1px; -webkit-tap-highlight-color: rgba(255, 255, 255, 0.25); border-color: rgb(49, 49, 49); color: rgb(49, 49, 49);\">\u00a0 <\/p>\n<p data-originalcomputedfontsize=\"16\" data-removefontsize=\"true\" style=\"font-size: 1rem; -webkit-text-size-adjust: auto; caret-color: rgb(212, 212, 213); font-family: -apple-system, sans-serif; word-spacing: 1px; -webkit-tap-highlight-color: rgba(255, 255, 255, 0.25); border-color: rgb(49, 49, 49); color: rgb(49, 49, 49);\">D\u2019apr\u00e8s L\u2019Observateur, la victime pr\u00e9sentait plusieurs blessures b\u00e9antes et gisait dans une mare de sang lorsqu\u2019elle a \u00e9t\u00e9 d\u00e9couverte. Une violence manifeste qui a profond\u00e9ment choqu\u00e9 les riverains et soulev\u00e9 trois questions essentielles : qui a \u00f4t\u00e9 la vie \u00e0 Mame Youma Fall, dans quelles circonstances, et pour quel mobile ? Un triptyque qui donne du fil \u00e0 retordre aux limiers du commissariat urbain de Pikine, d\u00e9sormais mobilis\u00e9s pour faire toute la lumi\u00e8re sur ce qui ressemble \u00e0 un homicide n\u00e9buleux. <\/p>\n<p style=\"-webkit-text-size-adjust: auto; caret-color: rgb(212, 212, 213); font-family: -apple-system, sans-serif; word-spacing: 1px; -webkit-tap-highlight-color: rgba(255, 255, 255, 0.25); border-color: rgb(49, 49, 49); color: rgb(49, 49, 49);\">\u00a0 <\/p>\n<p data-originalcomputedfontsize=\"16\" data-removefontsize=\"true\" style=\"font-size: 1rem; -webkit-text-size-adjust: auto; caret-color: rgb(212, 212, 213); font-family: -apple-system, sans-serif; word-spacing: 1px; -webkit-tap-highlight-color: rgba(255, 255, 255, 0.25); border-color: rgb(49, 49, 49); color: rgb(49, 49, 49);\">Les faits officiellement signal\u00e9s remontent au 1er janvier 2026, aux environs de midi. Ce jour-l\u00e0, la direction de l\u2019h\u00f4pital Idrissa Pouye informe la police du d\u00e9c\u00e8s de la quinquag\u00e9naire, n\u00e9e en 1968 \u00e0 Pikine et domicili\u00e9e \u00e0 la cit\u00e9 Lobatt-Fall. Les m\u00e9decins \u00e9voquent une mort suspecte, intervenue peu apr\u00e8s son admission aux urgences. Alert\u00e9s, les policiers avisent le procureur de la R\u00e9publique pr\u00e8s le tribunal de grande instance de Pikine-Gu\u00e9diawaye, qui ordonne imm\u00e9diatement l\u2019ouverture d\u2019une enqu\u00eate. <\/p>\n<p style=\"-webkit-text-size-adjust: auto; caret-color: rgb(212, 212, 213); font-family: -apple-system, sans-serif; word-spacing: 1px; -webkit-tap-highlight-color: rgba(255, 255, 255, 0.25); border-color: rgb(49, 49, 49); color: rgb(49, 49, 49);\">\u00a0 <\/p>\n<p data-originalcomputedfontsize=\"16\" data-removefontsize=\"true\" style=\"font-size: 1rem; -webkit-text-size-adjust: auto; caret-color: rgb(212, 212, 213); font-family: -apple-system, sans-serif; word-spacing: 1px; -webkit-tap-highlight-color: rgba(255, 255, 255, 0.25); border-color: rgb(49, 49, 49); color: rgb(49, 49, 49);\">Les premi\u00e8res investigations r\u00e9v\u00e8lent cependant que le drame a d\u00e9but\u00e9 bien plus t\u00f4t. L\u2019Observateur pr\u00e9cise qu\u2019en r\u00e9alit\u00e9, les faits remontent au 29 d\u00e9cembre, aux environs de 6 heures du matin. \u00c0 cette heure matinale, un homme du nom de Cheikh S\u00e8ne, habitant au rez-de-chauss\u00e9e d\u2019une villa de la cit\u00e9 Lobatt-Fall, se pr\u00e9sente au commissariat pour signaler une d\u00e9couverte troublante : une dame gri\u00e8vement bless\u00e9e, retrouv\u00e9e au pas de la porte de son immeuble. Selon sa d\u00e9claration, la victime \u00e9tait encore consciente, bien que dans un \u00e9tat critique. <\/p>\n<p style=\"-webkit-text-size-adjust: auto; caret-color: rgb(212, 212, 213); font-family: -apple-system, sans-serif; word-spacing: 1px; -webkit-tap-highlight-color: rgba(255, 255, 255, 0.25); border-color: rgb(49, 49, 49); color: rgb(49, 49, 49);\">\u00a0 <\/p>\n<p data-originalcomputedfontsize=\"16\" data-removefontsize=\"true\" style=\"font-size: 1rem; -webkit-text-size-adjust: auto; caret-color: rgb(212, 212, 213); font-family: -apple-system, sans-serif; word-spacing: 1px; -webkit-tap-highlight-color: rgba(255, 255, 255, 0.25); border-color: rgb(49, 49, 49); color: rgb(49, 49, 49);\">Les enqu\u00eateurs se rendent aussit\u00f4t sur les lieux. Ils d\u00e9couvrent une femme allong\u00e9e \u00e0 m\u00eame le sol, quasiment inerte, portant des blessures apparentes sur plusieurs parties du corps et baignant dans son sang. Incapable de parler ou d\u2019expliquer ce qui lui \u00e9tait arriv\u00e9, la victime est \u00e9vacu\u00e9e d\u2019urgence vers l\u2019h\u00f4pital. \u00c0 proximit\u00e9 imm\u00e9diate de son corps, les policiers mettent la main sur un t\u00e9l\u00e9phone portable ainsi que sur plusieurs fragments d\u2019ardoises, provenant de l\u2019auvent fix\u00e9 au portail de la maison. <\/p>\n<p style=\"-webkit-text-size-adjust: auto; caret-color: rgb(212, 212, 213); font-family: -apple-system, sans-serif; word-spacing: 1px; -webkit-tap-highlight-color: rgba(255, 255, 255, 0.25); border-color: rgb(49, 49, 49); color: rgb(49, 49, 49);\">\u00a0 <\/p>\n<p data-originalcomputedfontsize=\"16\" data-removefontsize=\"true\" style=\"font-size: 1rem; -webkit-text-size-adjust: auto; caret-color: rgb(212, 212, 213); font-family: -apple-system, sans-serif; word-spacing: 1px; -webkit-tap-highlight-color: rgba(255, 255, 255, 0.25); border-color: rgb(49, 49, 49); color: rgb(49, 49, 49);\">Un d\u00e9tail qui intrigue fortement les enqu\u00eateurs. Pour L\u2019Observateur, ces fragments pourraient indiquer une chute depuis une certaine hauteur, possiblement du haut de l\u2019immeuble. Une hypoth\u00e8se parmi d\u2019autres, alors que l\u2019\u00e9tat du corps de la victime, marqu\u00e9 par des blessures b\u00e9antes, laisse \u00e9galement planer le doute sur des violences physiques ant\u00e9rieures \u00e0 la chute. <\/p>\n<p style=\"-webkit-text-size-adjust: auto; caret-color: rgb(212, 212, 213); font-family: -apple-system, sans-serif; word-spacing: 1px; -webkit-tap-highlight-color: rgba(255, 255, 255, 0.25); border-color: rgb(49, 49, 49); color: rgb(49, 49, 49);\">\u00a0 <\/p>\n<p data-originalcomputedfontsize=\"16\" data-removefontsize=\"true\" dir=\"auto\" style=\"font-size: 1rem; -webkit-text-size-adjust: auto; caret-color: rgb(212, 212, 213); font-family: -apple-system, sans-serif; word-spacing: 1px; -webkit-tap-highlight-color: rgba(255, 255, 255, 0.25); border-color: rgb(49, 49, 49); color: rgb(49, 49, 49);\">L\u2019enqu\u00eate de voisinage engag\u00e9e par la police permet d\u2019identifier plusieurs occupants de l\u2019immeuble. Cheikh S\u00e8ne, le d\u00e9clarant, et son voisin O. Wade vivent tous deux au rez-de-chauss\u00e9e. Les policiers identifient \u00e9galement I. Seck, log\u00e9 au deuxi\u00e8me \u00e9tage, pr\u00e9sent\u00e9 comme le copain de la d\u00e9funte. Ce dernier, comme d\u2019autres personnes susceptibles d\u2019apporter des \u00e9l\u00e9ments utiles \u00e0 l\u2019enqu\u00eate, a \u00e9t\u00e9 auditionn\u00e9 par les services de police <\/p>\n","protected":false},"excerpt":{"rendered":"La cit\u00e9 Lobatt-Fall de Pikine est encore sous le choc. Depuis le d\u00e9but de l\u2019ann\u00e9e 2026, un d\u00e9c\u00e8s&hellip;\n","protected":false},"author":2,"featured_media":758,"comment_status":"","ping_status":"","sticky":false,"template":"","format":"standard","meta":{"footnotes":""},"categories":[48],"tags":[64,274,279,273,277,278,271,281,283,272,280,276,275,159,282],"class_list":{"0":"post-757","1":"post","2":"type-post","3":"status-publish","4":"format-standard","5":"has-post-thumbnail","7":"category-senegal","8":"tag-afrique","9":"tag-aliou-cisse","10":"tag-amadou-ba","11":"tag-apr","12":"tag-bassirou-diomaye-faye","13":"tag-bathelemy-dias","14":"tag-dakar","15":"tag-el-malick-ndiaye","16":"tag-guy-marius-sagna","17":"tag-macky-sall","18":"tag-madiambal-diagne","19":"tag-ousmane-sonko","20":"tag-pastef","21":"tag-senegal","22":"tag-ziguinchor"},"share_on_mastodon":{"url":"","error":""},"_links":{"self":[{"href":"https:\/\/www.europesays.com\/africa\/wp-json\/wp\/v2\/posts\/757","targetHints":{"allow":["GET"]}}],"collection":[{"href":"https:\/\/www.europesays.com\/africa\/wp-json\/wp\/v2\/posts"}],"about":[{"href":"https:\/\/www.europesays.com\/africa\/wp-json\/wp\/v2\/types\/post"}],"author":[{"embeddable":true,"href":"https:\/\/www.europesays.com\/africa\/wp-json\/wp\/v2\/users\/2"}],"replies":[{"embeddable":true,"href":"https:\/\/www.europesays.com\/africa\/wp-json\/wp\/v2\/comments?post=757"}],"version-history":[{"count":0,"href":"https:\/\/www.europesays.com\/africa\/wp-json\/wp\/v2\/posts\/757\/revisions"}],"wp:featuredmedia":[{"embeddable":true,"href":"https:\/\/www.europesays.com\/africa\/wp-json\/wp\/v2\/media\/758"}],"wp:attachment":[{"href":"https:\/\/www.europesays.com\/africa\/wp-json\/wp\/v2\/media?parent=757"}],"wp:term":[{"taxonomy":"category","embeddable":true,"href":"https:\/\/www.europesays.com\/africa\/wp-json\/wp\/v2\/categories?post=757"},{"taxonomy":"post_tag","embeddable":true,"href":"https:\/\/www.europesays.com\/africa\/wp-json\/wp\/v2\/tags?post=757"}],"curies":[{"name":"wp","href":"https:\/\/api.w.org\/{rel}","templated":true}]}}