{"id":7609,"date":"2026-01-06T17:14:08","date_gmt":"2026-01-06T17:14:08","guid":{"rendered":"https:\/\/www.europesays.com\/africa\/7609\/"},"modified":"2026-01-06T17:14:08","modified_gmt":"2026-01-06T17:14:08","slug":"comment-les-eurobonds-du-senegal-ont-repris-des-couleurs-en-ce-debut-dannee-2026","status":"publish","type":"post","link":"https:\/\/www.europesays.com\/africa\/7609\/","title":{"rendered":"Comment les Eurobonds du S\u00e9n\u00e9gal ont repris des couleurs en ce d\u00e9but d&#8217;ann\u00e9e 2026"},"content":{"rendered":"<p>Apr\u00e8s plusieurs semaines de turbulences sur les march\u00e9s financiers, le S\u00e9n\u00e9gal commence \u00e0 enregistrer des signes de redressement. L\u2019Eurobond du pays arrivant \u00e0 \u00e9ch\u00e9ance en 2028 a connu, depuis le vendredi 2 janvier 2026, une hausse notable d\u2019environ 6,5 %.            <\/p>\n<p class=\"pread\" style=\"background: #fff6d3;font-size:17px !important;padding:0px 0 16px 0;border:none;font-family:'source-sans-pro' !important;color:#444 !important;\">\n<p>La suite est r\u00e9serv\u00e9e \u00e0 nos abonn\u00e9s.<br \/>D\u00e9j\u00e0 abonn\u00e9 ? <a href=\"https:\/\/www.senenews.com\/login?redirect_to=https:\/\/www.senenews.com\/premium\/comment-les-eurobonds-du-senegal-ont-repris-des-couleurs-en-ce-debut-dannee-2026_571713.html\" style=\"text-decoration: underline !important;font-weight: bold;\" rel=\"nofollow noopener\" target=\"_blank\">Se connecter<\/a><\/p>\n<p>Profitez de 3 mois offerts<br \/>et acc\u00e9dez \u00e0 tous nos contenus<br \/>sans aucune publicit\u00e9<\/p>\n<p style=\"text-align:center;font-size:14px;font-family:'source-sans-pro'\">\n<a href=\"https:\/\/www.senenews.com\/rejoignez-senenews-premium-pour-soutenir-une-redaction-libre-et-independante\" style=\"text-decoration:none!important;border-bottom:1px solid\" rel=\"nofollow noopener\" target=\"_blank\">Pourquoi vous devez soutenir l\u2019initiative Senenews Premium?<\/a><\/p>\n","protected":false},"excerpt":{"rendered":"Apr\u00e8s plusieurs semaines de turbulences sur les march\u00e9s financiers, le S\u00e9n\u00e9gal commence \u00e0 enregistrer des signes de redressement.&hellip;\n","protected":false},"author":2,"featured_media":7610,"comment_status":"","ping_status":"","sticky":false,"template":"","format":"standard","meta":{"footnotes":""},"categories":[48],"tags":[161,162,3251,159,163],"class_list":{"0":"post-7609","1":"post","2":"type-post","3":"status-publish","4":"format-standard","5":"has-post-thumbnail","7":"category-senegal","8":"tag-articles-premium","9":"tag-economie","10":"tag-eurobonds","11":"tag-senegal","12":"tag-senegal-actualites"},"share_on_mastodon":{"url":"","error":""},"_links":{"self":[{"href":"https:\/\/www.europesays.com\/africa\/wp-json\/wp\/v2\/posts\/7609","targetHints":{"allow":["GET"]}}],"collection":[{"href":"https:\/\/www.europesays.com\/africa\/wp-json\/wp\/v2\/posts"}],"about":[{"href":"https:\/\/www.europesays.com\/africa\/wp-json\/wp\/v2\/types\/post"}],"author":[{"embeddable":true,"href":"https:\/\/www.europesays.com\/africa\/wp-json\/wp\/v2\/users\/2"}],"replies":[{"embeddable":true,"href":"https:\/\/www.europesays.com\/africa\/wp-json\/wp\/v2\/comments?post=7609"}],"version-history":[{"count":0,"href":"https:\/\/www.europesays.com\/africa\/wp-json\/wp\/v2\/posts\/7609\/revisions"}],"wp:featuredmedia":[{"embeddable":true,"href":"https:\/\/www.europesays.com\/africa\/wp-json\/wp\/v2\/media\/7610"}],"wp:attachment":[{"href":"https:\/\/www.europesays.com\/africa\/wp-json\/wp\/v2\/media?parent=7609"}],"wp:term":[{"taxonomy":"category","embeddable":true,"href":"https:\/\/www.europesays.com\/africa\/wp-json\/wp\/v2\/categories?post=7609"},{"taxonomy":"post_tag","embeddable":true,"href":"https:\/\/www.europesays.com\/africa\/wp-json\/wp\/v2\/tags?post=7609"}],"curies":[{"name":"wp","href":"https:\/\/api.w.org\/{rel}","templated":true}]}}