{"id":7611,"date":"2026-01-06T17:15:08","date_gmt":"2026-01-06T17:15:08","guid":{"rendered":"https:\/\/www.europesays.com\/africa\/7611\/"},"modified":"2026-01-06T17:15:08","modified_gmt":"2026-01-06T17:15:08","slug":"les-retenues-des-barrages-de-fask-et-touizgui-atteignent-31-millions-de-m%c2%b3","status":"publish","type":"post","link":"https:\/\/www.europesays.com\/africa\/7611\/","title":{"rendered":"les retenues des barrages de Fask et Touizgui atteignent 31 millions de m\u00b3"},"content":{"rendered":"<p><img fetchpriority=\"high\" width=\"1200\" height=\"630\" src=\"https:\/\/www.europesays.com\/africa\/wp-content\/uploads\/2026\/01\/barrages-1.jpg\" class=\"attachment-full size-full wp-post-image\" alt=\"barrages\" data-main-img=\"1\" decoding=\"async\"  \/><\/p>\n<p>\t\t\tLes r\u00e9centes pr\u00e9cipitations enregistr\u00e9es dans la r\u00e9gion de Guelmim-Oued Noun ont contribu\u00e9 \u00e0 l\u2019am\u00e9lioration des r\u00e9serves hydriques des grands barrages relevant de l\u2019Agence du bassin hydraulique de Dr\u00e2a-Oued Noun.<\/p>\n<p style=\"text-align: justify;\">Selon des donn\u00e9es de l\u2019Agence, le volume global des retenues des barrages de Fask et de Touizgui a atteint, au 6 janvier, 31 millions de m\u00e8tres cubes, correspondant \u00e0 un taux de remplissage combin\u00e9 de 20%, r\u00e9sultant de retenues de 20 millions de m\u00b3 au barrage Touizgui et de 11 millions de m\u00b3 au barrage Fask.<\/p>\n<p style=\"text-align: justify;\">Lire aussi :\u00a0<a style=\"color: #008000;\" href=\"https:\/\/maroc-diplomatique.net\/bassin-hydraulique-du-loukkos-le-taux-de-remplissage-des-barrages-depasse-61\/\" rel=\"nofollow noopener\" target=\"_blank\">Bassin hydraulique du Loukkos: le taux de remplissage des barrages d\u00e9passe 61%<\/a><\/p>\n<p style=\"text-align: justify;\">La capacit\u00e9 de stockage globale de ces deux ouvrages hydrauliques d\u00e9passe 157 millions de m\u00b3, r\u00e9partie entre 78 millions de m\u00b3 pour le barrage Touizgui et 79 millions de m\u00b3 pour le barrage Fask, pr\u00e9cise l\u2019Agence qui couvre \u00e9galement les provinces de Ouarzazate, Zagora et Tinghir (r\u00e9gion de Dr\u00e2a-Tafilalet), en plus de la province de Tata relevant de la r\u00e9gion Souss-Massa.<\/p>\n<p style=\"text-align: justify;\">Le bassin de Dr\u00e2a-Oued Noun dispose de cinq grands barrages, pour une capacit\u00e9 globale d\u00e9passant 1,1 milliard de m\u00e8tres cubes, comprenant les barrages de Fask et Touizgui dans la r\u00e9gion de Guelmim-Oued Noun, ainsi que les barrages Mansour Eddahbi et Sultan Moulay Ali Cherif dans la province de Ouarzazate et le barrage d\u2019Agdez dans la province de Zagora.<\/p>\n<p style=\"text-align: justify;\">Selon les m\u00eames donn\u00e9es, les derni\u00e8res pluies ont port\u00e9 le volume global des retenues de l\u2019ensemble de ces barrages \u00e0 318 millions de m\u00b3, soit un taux de remplissage de 28%.<\/p>\n<p style=\"text-align: justify;\">Avec MAP<\/p>\n","protected":false},"excerpt":{"rendered":"Les r\u00e9centes pr\u00e9cipitations enregistr\u00e9es dans la r\u00e9gion de Guelmim-Oued Noun ont contribu\u00e9 \u00e0 l\u2019am\u00e9lioration des r\u00e9serves hydriques des&hellip;\n","protected":false},"author":2,"featured_media":7612,"comment_status":"","ping_status":"","sticky":false,"template":"","format":"standard","meta":{"footnotes":""},"categories":[41],"tags":[5343,5344,5345,5346,158,5347],"class_list":{"0":"post-7611","1":"post","2":"type-post","3":"status-publish","4":"format-standard","5":"has-post-thumbnail","7":"category-maroc","8":"tag-barrages","9":"tag-bassin-hydraulique","10":"tag-fask","11":"tag-guelmim-oued-noun","12":"tag-maroc","13":"tag-touizgui"},"share_on_mastodon":{"url":"","error":""},"_links":{"self":[{"href":"https:\/\/www.europesays.com\/africa\/wp-json\/wp\/v2\/posts\/7611","targetHints":{"allow":["GET"]}}],"collection":[{"href":"https:\/\/www.europesays.com\/africa\/wp-json\/wp\/v2\/posts"}],"about":[{"href":"https:\/\/www.europesays.com\/africa\/wp-json\/wp\/v2\/types\/post"}],"author":[{"embeddable":true,"href":"https:\/\/www.europesays.com\/africa\/wp-json\/wp\/v2\/users\/2"}],"replies":[{"embeddable":true,"href":"https:\/\/www.europesays.com\/africa\/wp-json\/wp\/v2\/comments?post=7611"}],"version-history":[{"count":0,"href":"https:\/\/www.europesays.com\/africa\/wp-json\/wp\/v2\/posts\/7611\/revisions"}],"wp:featuredmedia":[{"embeddable":true,"href":"https:\/\/www.europesays.com\/africa\/wp-json\/wp\/v2\/media\/7612"}],"wp:attachment":[{"href":"https:\/\/www.europesays.com\/africa\/wp-json\/wp\/v2\/media?parent=7611"}],"wp:term":[{"taxonomy":"category","embeddable":true,"href":"https:\/\/www.europesays.com\/africa\/wp-json\/wp\/v2\/categories?post=7611"},{"taxonomy":"post_tag","embeddable":true,"href":"https:\/\/www.europesays.com\/africa\/wp-json\/wp\/v2\/tags?post=7611"}],"curies":[{"name":"wp","href":"https:\/\/api.w.org\/{rel}","templated":true}]}}