{"id":7635,"date":"2026-01-06T17:30:07","date_gmt":"2026-01-06T17:30:07","guid":{"rendered":"https:\/\/www.europesays.com\/africa\/7635\/"},"modified":"2026-01-06T17:30:07","modified_gmt":"2026-01-06T17:30:07","slug":"le-satellite-un-game-changer-pour-la-connectivite-universelle-au-senegal","status":"publish","type":"post","link":"https:\/\/www.europesays.com\/africa\/7635\/","title":{"rendered":"Le satellite un \u00ab\u00a0game changer\u00a0\u00bb pour la connectivit\u00e9 universelle au S\u00e9n\u00e9gal"},"content":{"rendered":"<p class=\"firstp\">Les op\u00e9rateurs ont consenti beaucoup d\u2019investissements pour l\u2019acc\u00e8s universel. Cependant force est de constater que la fracture num\u00e9rique persiste au S\u00e9n\u00e9gal, laissant une partie de la population et des entreprises sans acc\u00e8s fiable aux services num\u00e9riques. L\u2019inclusion num\u00e9rique reste un enjeu majeur pour le d\u00e9veloppement \u00e9conomique et social.<\/p>\n<p>Dans ce contexte, le New Deal Technologique a pour ambition de d\u00e9mocratiser l\u2019acc\u00e8s au haut et tr\u00e8s haut d\u00e9bit sur l\u2019ensemble du territoire national, y compris et surtout dans les zones rurales et isol\u00e9es o\u00f9 le d\u00e9ploiement des r\u00e9seaux terrestres demeure un d\u00e9fi \u00e0 la fois \u00e9conomique et technique.\n<\/p>\n<p>Avec le New Deal Technologique, le S\u00e9n\u00e9gal franchit un cap\n<\/p>\n<p>L\u2019arriv\u00e9e d\u2019op\u00e9rateurs satellitaires marque la mise en \u0153uvre du new deal technologique visant \u00e0 acc\u00e9l\u00e9rer la connectivit\u00e9 universelle. Grace \u00e0 cette solution technologique, 1 million de personnes b\u00e9n\u00e9ficieront d\u2019un acc\u00e8s internet gratuit, m\u00eame dans les zones les plus recul\u00e9es. Le satellite fournit aux op\u00e9rateurs de t\u00e9l\u00e9phonie mobile, une infrastructure satellitaire d\u00e9di\u00e9e, tout en leur offrant des capacit\u00e9s et des solutions satellitaires adapt\u00e9es \u00e0 leurs besoins. La solution satellitaire constitue un compl\u00e9ment strat\u00e9gique aux r\u00e9seaux terrestres existants int\u00e9gr\u00e9e dans une vision coh\u00e9rente de connectivit\u00e9 nationale. Elle permettra\u00a0:\n<\/p>\n<p>d\u2019assurer une <a href=\"https:\/\/www.senenews.com\/actualites\/international\/mission-sur-le-changement-climatique-un-satellite-de-jeff-bezos-sest-perdu-dans-lespace_548799.html\" rel=\"nofollow noopener\" target=\"_blank\">couverture internet<\/a> compl\u00e8te pour les m\u00e9nages et les entreprises\u00a0;<br \/>\nde stimuler la concurrence\u00a0;<br \/>\nd\u2019accroitre la productivit\u00e9 des secteurs cl\u00e9s de l\u2019\u00e9conomie.<\/p>\n<p>Les secteurs prioritaires sont les zones blanches (wifi communautaire), l\u2019\u00e9ducation, l\u2019enseignement sup\u00e9rieur, la formation professionnelle, la sant\u00e9, les collectivit\u00e9s territoriales, les zones frontali\u00e8res, le plan Diomaye pour la Casamance entre autres, etc.\n<\/p>\n<p>Des impacts concrets :\n<\/p>\n<p>sant\u00e9 \u2013 am\u00e9liorer l\u2019acc\u00e8s aux soins\u00a0: t\u00e9l\u00e9m\u00e9decine, suivi m\u00e9dicale \u00e0 distance, acc\u00e8s aux services de sant\u00e9 num\u00e9riques, etc.<br \/>\n\u00e9ducation\u00a0\u2013 am\u00e9liorer la qualit\u00e9 de l\u2019enseignement : enseignement \u00e0 distance, ressources p\u00e9dagogiques en ligne, plateformes \u00e9ducatives, etc\u00a0;<br \/>\nModernisation<\/p>\n<p>Commerce\u00a0: e-commerce, inclusion financi\u00e8re\u00a0;<br \/>\nAgriculture\u00a0: acc\u00e8s \u00e0 l\u2019information, aux services agricoles num\u00e9rique, etc.<\/p>\n<p>L\u2019arriv\u00e9e des op\u00e9rateurs satellitaires ouvre une nouvelle \u00e8re de connectivit\u00e9 universelle. Cette solution innovante compl\u00e8te les infrastructures terrestres, favorise l\u2019inclusion num\u00e9rique et stimule la croissance \u00e9conomique, en permettant \u00e0 tous les citoyens et entreprises d\u2019acc\u00e9der \u00e0 internet et aux services num\u00e9riques essentiels.<\/p>\n<p>A retenir\n<\/p>\n<p>Couverture universelle du territoire\u00a0;<br \/>\nInfrastructure satellitaire d\u00e9di\u00e9e aux op\u00e9rateurs et au public<br \/>\n1 million de personnes connect\u00e9s gratuitement<br \/>\nCompl\u00e9ment strat\u00e9gique aux r\u00e9seaux terrestres<br \/>\nCas d\u2019utilisation prioritaires\u00a0: sant\u00e9, \u00e9ducation, commerce, agriculture<\/p>\n","protected":false},"excerpt":{"rendered":"Les op\u00e9rateurs ont consenti beaucoup d\u2019investissements pour l\u2019acc\u00e8s universel. Cependant force est de constater que la fracture num\u00e9rique&hellip;\n","protected":false},"author":2,"featured_media":7636,"comment_status":"","ping_status":"","sticky":false,"template":"","format":"standard","meta":{"footnotes":""},"categories":[48],"tags":[460,5363,159,163],"class_list":{"0":"post-7635","1":"post","2":"type-post","3":"status-publish","4":"format-standard","5":"has-post-thumbnail","7":"category-senegal","8":"tag-satellite","9":"tag-science-technologie","10":"tag-senegal","11":"tag-senegal-actualites"},"share_on_mastodon":{"url":"","error":""},"_links":{"self":[{"href":"https:\/\/www.europesays.com\/africa\/wp-json\/wp\/v2\/posts\/7635","targetHints":{"allow":["GET"]}}],"collection":[{"href":"https:\/\/www.europesays.com\/africa\/wp-json\/wp\/v2\/posts"}],"about":[{"href":"https:\/\/www.europesays.com\/africa\/wp-json\/wp\/v2\/types\/post"}],"author":[{"embeddable":true,"href":"https:\/\/www.europesays.com\/africa\/wp-json\/wp\/v2\/users\/2"}],"replies":[{"embeddable":true,"href":"https:\/\/www.europesays.com\/africa\/wp-json\/wp\/v2\/comments?post=7635"}],"version-history":[{"count":0,"href":"https:\/\/www.europesays.com\/africa\/wp-json\/wp\/v2\/posts\/7635\/revisions"}],"wp:featuredmedia":[{"embeddable":true,"href":"https:\/\/www.europesays.com\/africa\/wp-json\/wp\/v2\/media\/7636"}],"wp:attachment":[{"href":"https:\/\/www.europesays.com\/africa\/wp-json\/wp\/v2\/media?parent=7635"}],"wp:term":[{"taxonomy":"category","embeddable":true,"href":"https:\/\/www.europesays.com\/africa\/wp-json\/wp\/v2\/categories?post=7635"},{"taxonomy":"post_tag","embeddable":true,"href":"https:\/\/www.europesays.com\/africa\/wp-json\/wp\/v2\/tags?post=7635"}],"curies":[{"name":"wp","href":"https:\/\/api.w.org\/{rel}","templated":true}]}}