{"id":7637,"date":"2026-01-06T17:31:10","date_gmt":"2026-01-06T17:31:10","guid":{"rendered":"https:\/\/www.europesays.com\/africa\/7637\/"},"modified":"2026-01-06T17:31:10","modified_gmt":"2026-01-06T17:31:10","slug":"le-regime-dalger-deverse-sa-haine-sur-le-maroc-en-pleine-can-2025","status":"publish","type":"post","link":"https:\/\/www.europesays.com\/africa\/7637\/","title":{"rendered":"Le r\u00e9gime d&#8217;Alger d\u00e9verse sa haine sur le Maroc en pleine CAN 2025"},"content":{"rendered":"<p class=\"default__StyledText-sc-10mj2vp-0 CxBBS body-paragraph\">A d\u00e9faut d\u2019\u00eatre parvenu \u00e0 d\u00e9ranger son organisation, \u00e0 d\u00e9faut d\u2019avoir trouv\u00e9 des excuses valables pour la communaut\u00e9 africaine d\u2019annuler la participation de sa s\u00e9lection nationale pour rester en dehors de cette grande f\u00eate africaine au Maroc, le r\u00e9gime alg\u00e9rien a chang\u00e9 de fusil d\u2019\u00e9paule. Tout faire pour cr\u00e9er des tensions et des incidents autour de la CAN Maroc 2025.<\/p>\n<p class=\"default__StyledText-sc-10mj2vp-0 CxBBS body-paragraph\">La haine contre le Maroc du r\u00e9gime Tebboune \u00e9tait d\u00e9j\u00e0 de notori\u00e9t\u00e9 publique. Depuis son arriv\u00e9e au pouvoir pour succ\u00e9der \u00e0 Abdelaziz Bouteflika, Tebboune avait fait de la d\u00e9testation du Maroc l\u2019alpha et l\u2019om\u00e9ga de sa politique. Il s\u2019est montr\u00e9 pr\u00eat \u00e0 br\u00fbler tous ses navires pourvu que cela puisse porter atteinte aux int\u00e9r\u00eats du Maroc. Ses multiples crises avec l\u2019Europe, le Monde arabe et l\u2019Afrique incarnent cette politique suicidaire. Ce r\u00e9gime alg\u00e9rien est tellement obnubil\u00e9 par le Maroc, ses institutions, ses fronti\u00e8res, sa culture, son art de vivre que son obsession frise la pathologie.<\/p>\n<p class=\"default__StyledText-sc-10mj2vp-0 CxBBS body-paragraph\">En d\u00e9calage total avec les pr\u00e9jug\u00e9s n\u00e9gatifs de la propagande alg\u00e9rienne, la vraie r\u00e9alit\u00e9 des marocains est apparue dans les r\u00e9seaux sociaux port\u00e9e par des citoyens alg\u00e9riens dont la spontan\u00e9it\u00e9 et la sinc\u00e9rit\u00e9 avaient provoqu\u00e9 une forme de choc thermique.<\/p>\n<p class=\"default__StyledText-sc-10mj2vp-0 CxBBS body-paragraph\">\u00c0 l\u2019occasion de cette CAN 2025, l\u2019hostilit\u00e9 du r\u00e9gime alg\u00e9rien contre le Maroc a d\u00e9bord\u00e9 toutes les lignes et cass\u00e9 tous les codes jusqu\u2019\u00e0 devenir un sujet de d\u00e9bat sur les plateaux t\u00e9l\u00e9s de certaines cha\u00eenes internationales. Ses m\u00e9dias officiels ont \u00e9t\u00e9 embrigad\u00e9s pour diffuser les mensonges, les fake news et les d\u00e9formations de la r\u00e9alit\u00e9 avec une telle intensit\u00e9 que cela en devenait spectaculairement risible. Les m\u00e9dias alg\u00e9riens avaient d\u00e9j\u00e0 choqu\u00e9 le monde en s\u2019interdisant de prononcer le mot Maroc quand il s\u2019agit de citer le pays organisateur de la CAN ou le nom de la s\u00e9lection nationale marocaine. Une honte absolue qui devrait figurer dans le livre Guinness des aberrations et des bassesses.<\/p>\n<p class=\"default__StyledText-sc-10mj2vp-0 CxBBS body-paragraph\">Au cours de la CAN, ces m\u00e9dias officiels, traduisant l\u2019aveuglement de leurs dirigeants, ont pouss\u00e9 leurs z\u00e8les morbides jusqu\u2019\u00e0 demander de criminaliser tout Alg\u00e9rien surpris en train de dire du bien du Maroc. La strat\u00e9gie tous azimuts est de peindre en noir tout ce qui se passe au Maroc, de camoufler ses exploits et de le faire passer pour un pays aussi handicap\u00e9 que l\u2019Alg\u00e9rie.<\/p>\n<p><a itemprop=\"url\" class=\"turagvzm-link\" href=\"https:\/\/www.youtube.com\/watch?v=LB5b4t_CTSg\" target=\"_blank\" rel=\"nofollow noopener\"><img decoding=\"async\" class=\"turagvzm-image\" src=\"https:\/\/www.europesays.com\/africa\/wp-content\/uploads\/2026\/01\/AOM-AF-300x250-1.jpg\" alt=\"Airports-M-small\"\/><\/a> <\/p>\n<p class=\"default__StyledText-sc-10mj2vp-0 CxBBS body-paragraph\">Et c\u2019est l\u00e0 o\u00f9 le b\u00e2t blesse. Cette CAN aura \u00e9t\u00e9 l\u2019occasion pour un certain public alg\u00e9rien de d\u00e9couvrir la r\u00e9alit\u00e9 du Maroc et des Marocains. En d\u00e9calage total avec les pr\u00e9jug\u00e9s n\u00e9gatifs de la propagande alg\u00e9rienne, la vraie r\u00e9alit\u00e9 des Marocains est apparue dans les r\u00e9seaux sociaux port\u00e9e par des citoyens alg\u00e9riens dont la spontan\u00e9it\u00e9 et la sinc\u00e9rit\u00e9 avaient provoqu\u00e9 une forme de choc thermique avec l\u2019image que le r\u00e9gime alg\u00e9rien tentait de construire sur le Maroc.<\/p>\n<p class=\"default__StyledText-sc-10mj2vp-0 CxBBS body-paragraph\">Ces nouvelles perceptions donnent a posteriori des explications rationnelles sur les vraies raisons qui emp\u00eachent le r\u00e9gime Tebboune d\u2019envisager l\u2019ouverture des fronti\u00e8res terrestres entre les deux pays herm\u00e9tiquement ferm\u00e9es depuis les ann\u00e9es 90. Si cela devait intervenir, toute la propagande haineuse du r\u00e9gime Tebboune sur le Maroc sera vid\u00e9e de sa substance. Non seulement les populations alg\u00e9riennes se d\u00e9placeraient en masse vers le Maroc, mais le pouvoir alg\u00e9rien a de fortes chances de rester seul dans le d\u00e9sert \u00e0 pr\u00eacher sa propagande haineuse contre le Maroc.<\/p>\n<p class=\"default__StyledText-sc-10mj2vp-0 CxBBS body-paragraph\">D\u2019ailleurs, un des grands acquis de cette CAN, outre cette excellence marocaine expos\u00e9e \u00e0 l\u2019international et qui va certainement \u00e9paissir encore plus le soft power marocain, se trouve ce coup fatal port\u00e9 \u00e0 cette animosit\u00e9 du r\u00e9gime alg\u00e9rien contre le Maroc. Tebboune et son gouvernement peuvent continuer \u00e0 distiller leur d\u00e9testation du Maroc et des Marocains, leurs actions hostiles et leurs choix haineux risquent de voir leurs effets cantonn\u00e9s dans leurs petites bulles gouvernementales et m\u00e9diatiques.<\/p>\n<p class=\"default__StyledText-sc-10mj2vp-0 CxBBS body-paragraph\">Au sortir de cette CAN et quelles que soient les performances sportives qui en d\u00e9couleraient resteront deux images tranch\u00e9es des deux pays. L\u2019une, celle du Maroc, d\u2019un pays en plein mouvement, tout en dynamique positive et cr\u00e9ative et dont la population est ouverte sur le monde et accueillante, fi\u00e8re de sa culture et de son identit\u00e9. L\u2019autre celle d\u2019un r\u00e9gime alg\u00e9rien recroquevill\u00e9 sur ses haines recuites au point de sombrer dans une folie obsessionnelle et dont la strat\u00e9gie exclusive est de tenter de faire tr\u00e9bucher son voisin, salir sa r\u00e9putation pour assouvir ses plus vils instincts.<\/p>\n<p class=\"default__StyledText-sc-10mj2vp-0 CxBBS body-paragraph\">Le pr\u00e9sident Abdelmadjid Tebboune appara\u00eet aujourd\u2019hui comme le chef d\u2019orchestre de cette lugubre op\u00e9ration. Mais, h\u00e9las pour lui, la r\u00e9alit\u00e9 a fait que sa \u00abmarocophobie\u00bb persistante a \u00e9chou\u00e9 devant la traditionnelle \u00abalg\u00e9rophilie\u00bb marocaine. Et il doit se pr\u00e9parer \u00e0 subir les effets boomerang de sa politique de haine \u00e0 l\u2019\u00e9gard du Maroc et des Marocains.<\/p>\n<p> <a itemprop=\"url\" class=\"turagvzm-link\" href=\"https:\/\/www.visitmorocco.com\/fr\/maroc-terre-de-football\/fr?utm_source=supportspremiumma&amp;utm_campaign=007~afcon25~ma~11~25~supportspremiumma~display~reservation~awareness~cam50m~fr&amp;utm_content=007~006~007~premium~image~1x1~autres\/?source=onmt-can-atlas\" target=\"_blank\" rel=\"nofollow noopener\"><img decoding=\"async\" class=\"turagvzm-image\" src=\"https:\/\/www.europesays.com\/africa\/wp-content\/uploads\/2026\/01\/Atlas-300x250-1.jpg\" alt=\"can2025-atlas\"\/><\/a>\t\t\t<\/p>\n","protected":false},"excerpt":{"rendered":"A d\u00e9faut d\u2019\u00eatre parvenu \u00e0 d\u00e9ranger son organisation, \u00e0 d\u00e9faut d\u2019avoir trouv\u00e9 des excuses valables pour la communaut\u00e9&hellip;\n","protected":false},"author":2,"featured_media":7638,"comment_status":"","ping_status":"","sticky":false,"template":"","format":"standard","meta":{"footnotes":""},"categories":[41],"tags":[1831,480,1834,255,622,360,4631,5366,5370,5367,4629,5368,5371,1514,5364,1521,158,5369,5365,5227,3663],"class_list":{"0":"post-7637","1":"post","2":"type-post","3":"status-publish","4":"format-standard","5":"has-post-thumbnail","7":"category-maroc","8":"tag-1831","9":"tag-a-la-une","10":"tag-abdelmadjid-tebboune","11":"tag-algerie","12":"tag-atlasinfo","13":"tag-can","14":"tag-can-maroc-2025","15":"tag-dalger","16":"tag-decryptages","17":"tag-deverse","18":"tag-en","19":"tag-haine","20":"tag-hostilite","21":"tag-le","22":"tag-le-regime-dalger-deverse-sa-haine-sur-le-maroc-en-pleine-can-2025","23":"tag-maghreb","24":"tag-maroc","25":"tag-pleine","26":"tag-regime","27":"tag-sa","28":"tag-sur"},"share_on_mastodon":{"url":"","error":""},"_links":{"self":[{"href":"https:\/\/www.europesays.com\/africa\/wp-json\/wp\/v2\/posts\/7637","targetHints":{"allow":["GET"]}}],"collection":[{"href":"https:\/\/www.europesays.com\/africa\/wp-json\/wp\/v2\/posts"}],"about":[{"href":"https:\/\/www.europesays.com\/africa\/wp-json\/wp\/v2\/types\/post"}],"author":[{"embeddable":true,"href":"https:\/\/www.europesays.com\/africa\/wp-json\/wp\/v2\/users\/2"}],"replies":[{"embeddable":true,"href":"https:\/\/www.europesays.com\/africa\/wp-json\/wp\/v2\/comments?post=7637"}],"version-history":[{"count":0,"href":"https:\/\/www.europesays.com\/africa\/wp-json\/wp\/v2\/posts\/7637\/revisions"}],"wp:featuredmedia":[{"embeddable":true,"href":"https:\/\/www.europesays.com\/africa\/wp-json\/wp\/v2\/media\/7638"}],"wp:attachment":[{"href":"https:\/\/www.europesays.com\/africa\/wp-json\/wp\/v2\/media?parent=7637"}],"wp:term":[{"taxonomy":"category","embeddable":true,"href":"https:\/\/www.europesays.com\/africa\/wp-json\/wp\/v2\/categories?post=7637"},{"taxonomy":"post_tag","embeddable":true,"href":"https:\/\/www.europesays.com\/africa\/wp-json\/wp\/v2\/tags?post=7637"}],"curies":[{"name":"wp","href":"https:\/\/api.w.org\/{rel}","templated":true}]}}