{"id":7656,"date":"2026-01-06T17:42:11","date_gmt":"2026-01-06T17:42:11","guid":{"rendered":"https:\/\/www.europesays.com\/africa\/7656\/"},"modified":"2026-01-06T17:42:11","modified_gmt":"2026-01-06T17:42:11","slug":"comment-la-rdc-sest-hissee-parmi-les-meilleures-equipes-dafrique","status":"publish","type":"post","link":"https:\/\/www.europesays.com\/africa\/7656\/","title":{"rendered":"comment la RDC s\u2019est hiss\u00e9e parmi les meilleures \u00e9quipes d\u2019Afrique"},"content":{"rendered":"<p>Longtemps en crise, les L\u00e9opards ont chang\u00e9 de visage depuis l\u2019arriv\u00e9e du s\u00e9lectionneur fran\u00e7ais S\u00e9bastien Desabre, artisan d\u2019une r\u00e9organisation profonde qui les conduit, ce mardi, \u00e0 d\u00e9fier l\u2019Alg\u00e9rie en huiti\u00e8mes de finale de la CAN 2025.<\/p>\n<p class=\"c-paragraph\">Mardi \u00e0 Rabat, la RD Congo affronte l\u2019Alg\u00e9rie en huiti\u00e8mes de finale de la CAN 2025, dans un choc entre deux des meilleures d\u00e9fenses du tournoi. Face \u00e0 des Fennecs dominateurs dans le jeu, les L\u00e9opards assument une position d\u2019attente, disciplin\u00e9e et patiente, \u00e0 l\u2019image du projet port\u00e9 par S\u00e9bastien Desabre. Mbemba, Bakambu, Tuanzebe ou Wan-Bissaka incarnent cette \u00e9quipe d\u00e9sormais respect\u00e9e, capable de rivaliser avec les poids lourds du continent.<\/p>\n<p>Le chantier Desabre, enfin abouti<\/p>\n<p class=\"c-paragraph\">En qu\u00eate d\u2019une premi\u00e8re qualification pour la Coupe du monde depuis 1974, la RD Congo sort de deux d\u00e9cennies de frustrations. L\u2019arriv\u00e9e de S\u00e9bastien Desabre a marqu\u00e9 une rupture nette. En quatre ans, le technicien fran\u00e7ais a redonn\u00e9 une identit\u00e9 claire aux L\u00e9opards, alliant rigueur d\u00e9fensive, transition rapide et profondeur de banc.<\/p>\n<p class=\"c-paragraph\">La motivation est aussi venue d\u2019en haut. Selon Sport News Africa, le pr\u00e9sident F\u00e9lix Tshisekedi avait promis une prime exceptionnelle d\u2019un million d\u2019euros par joueur en cas d\u2019acc\u00e8s aux barrages intercontinentaux du Mondial 2026. Mission accomplie apr\u00e8s des succ\u00e8s retentissants face au Cameroun puis au Nigeria. La CAN arrive donc \u00e0 point nomm\u00e9 pour prolonger cette dynamique.<\/p>\n<p class=\"newsletter-subscription__disclaimer\">En vous inscrivant, vous acceptez les <a class=\"c-link newsletter-subscription__legal-link\" href=\"https:\/\/www.lepoint.fr\/html\/cgu\/\" rel=\"nofollow noopener\" target=\"_blank\">conditions g\u00e9n\u00e9rales d&#8217;utilisation<\/a> et notre <a class=\"c-link newsletter-subscription__legal-link\" href=\"https:\/\/www.lepoint.fr\/html\/politique-de-protection-donnees-personnelles\/\" rel=\"nofollow noopener\" target=\"_blank\">politique de confidentialit\u00e9<\/a>.<\/p>\n<p>Une RDC attendue, enfin respect\u00e9e<\/p>\n<p class=\"c-paragraph q-paragraph-fix\">Quatri\u00e8mes lors de la derni\u00e8re CAN, s\u00e9duisants mais encore irr\u00e9guliers, les Congolais ont chang\u00e9 de statut. D\u00e9sormais, ils sont attendus. S\u00e9bastien Desabre temp\u00e8re pourtant toute euphorie :<\/p>\n<p class=\"c-paragraph\">\u00ab En Afrique, rien n\u2019est jamais acquis. Notre premi\u00e8re mission est de sortir du groupe. Le S\u00e9n\u00e9gal, le B\u00e9nin et le Botswana sont des adversaires solides. \u00bb<\/p>\n<p class=\"c-paragraph\">Mais le discours masque \u00e0 peine des ambitions plus \u00e9lev\u00e9es. Battre le Cameroun et le Nigeria n\u2019est pas anodin. La RDC sait qu\u2019elle a chang\u00e9 de dimension, \u00e0 condition de gagner en constance. Pr\u00f4nant l\u2019humilit\u00e9, Desabre veille \u00e0 ne pas placer ouvertement la barre trop haute, bien qu\u2019on ne se doute que les ambitions soient plus grandes que les objectifs d\u00e9clar\u00e9s : \u00ab En Afrique, rien n\u2019est jamais acquis. Notre premi\u00e8re mission sera de franchir la phase de groupes. Le B\u00e9nin, le Botswana et le S\u00e9n\u00e9gal sont des adversaires solides, qui n\u2019ont pas vol\u00e9 leur place. La t\u00e2che sera exigeante. \u00bb <\/p>\n<p>Mbemba, symbole d\u2019une renaissance<\/p>\n<p class=\"c-paragraph\">Le retour en gr\u00e2ce de Chancel Mbemba r\u00e9sume \u00e0 lui seul cette trajectoire. Mis \u00e0 l\u2019\u00e9cart \u00e0 l\u2019OM, le capitaine des L\u00e9opards a retrouv\u00e9 son rang en s\u00e9lection. Son penalty d\u00e9cisif face au Nigeria reste l\u2019une des images fortes de cette campagne qualificative.<\/p>\n<p class=\"c-paragraph\">Leader charismatique, Mbemba incarne une RDC s\u00fbre d\u2019elle, disciplin\u00e9e, solidaire. \u00ab Rien n\u2019a \u00e9t\u00e9 facile, mais chaque \u00e9tape m\u2019a rendu plus fort \u00bb, confiait-il r\u00e9cemment, saluant le soutien ind\u00e9fectible des supporters.<\/p>\n<p class=\"c-paragraph\">Son influence est d\u2019autant plus pr\u00e9cieuse que les L\u00e9opards doivent composer sans Yoane Wissa, bless\u00e9, dans un contexte d\u00e9licat li\u00e9 \u00e0 son transfert vers Newcastle.<\/p>\n<p>La force tranquille de la diaspora<\/p>\n<p class=\"c-paragraph\">Autre marqueur du projet Desabre : l\u2019attractivit\u00e9 retrouv\u00e9e de la s\u00e9lection. Longtemps h\u00e9sitants, les binationaux r\u00e9pondent d\u00e9sormais pr\u00e9sents, et de plus en plus jeunes. Noua Sadiki, Mario Stroeykens, Ngal\u2019ayel Mukau incarnent cette nouvelle g\u00e9n\u00e9ration s\u00e9duite par un projet cr\u00e9dible et structur\u00e9.<\/p>\n<p lang=\"fr\" dir=\"ltr\">\ud83d\udce2 \ud835\udc0c\ud835\udc00\ud835\udc13\ud835\udc02\ud835\udc07\ud835\udc03\ud835\udc00\ud835\udc18 | \ud835\udfd6\ud835\udc1e \ud835\udc03\ud835\udc04 \ud835\udc05\ud835\udc08\ud835\udc0d\ud835\udc00\ud835\udc0b\ud835\udc04 \u2013 \ud835\udc02\ud835\udc00\ud835\udc0d \ud835\udfd0\ud835\udfce\ud835\udfd0\ud835\udfd3<\/p>\n<p>\ud83d\udc06 LE XI DE D\u00c9PART DES L\u00c9OPARDS \ud83c\udde8\ud83c\udde9<br \/>\ud83c\udd9a Alg\u00e9rie \ud83c\udde9\ud83c\uddff<br \/>\ud83c\udfdf Stade Moulay Hassan \u2013 Rabat<br \/>\ud83d\udd54 Coup d\u2019envoi : 17h00<\/p>\n<p>\ud83e\udde4 Mpasi<br \/>\ud83d\udee1 Mbemba (C) \u2013 A. Wan-Bissaka \u2013 Tuanzebe \u2013 J. Kayembe<br \/>\u2699\ufe0f Mukau \u2013 Moutoussamy \u2013 Sadiki<br \/>\u26a1 Elia \u2013\u2026 <a href=\"https:\/\/t.co\/zmSmQdXcP2\" rel=\"nofollow\">pic.twitter.com\/zmSmQdXcP2<\/a><\/p>\n<p>\u2014 Fecofa RDC_Officiel (@FecofaRdc) <a href=\"https:\/\/twitter.com\/FecofaRdc\/status\/2008559328349802746?ref_src=twsrc%5Etfw\" rel=\"nofollow noopener\" target=\"_blank\">January 6, 2026<\/a><\/p>\n<p class=\"c-paragraph\">\u00c0 cela s\u2019ajoutent des profils exp\u00e9riment\u00e9s comme Aaron Wan-Bissaka, Axel Tuanzebe, Samuel Essende ou Michel-Ange Balikwisha. Dernier renfort en date : Wilfried Bondo, milieu du Milan AC pr\u00eat\u00e9 \u00e0 Cremonese. Une densit\u00e9 rare, reflet d\u2019un vivier immense enfin exploit\u00e9.<\/p>\n<p>L\u2019antichambre des grands\u2026 avant le grand saut ?<\/p>\n<p class=\"c-paragraph\">La RD Congo n\u2019avance plus masqu\u00e9e. Elle s\u2019installe dans l\u2019antichambre des cadors africains, consciente que la CAN n\u2019est qu\u2019une \u00e9tape vers l\u2019objectif supr\u00eame : un retour en Coupe du monde, plus de cinquante ans apr\u00e8s l\u2019\u00e9pop\u00e9e du Za\u00efre.<\/p>\n<p class=\"c-paragraph\">Une victoire contre l\u2019Alg\u00e9rie, ce mardi \u00e0 Rabat, propulserait d\u00e9finitivement les L\u00e9opards dans une autre dimension. Et confirmerait qu\u2019au-del\u00e0 du slogan, \u00ab Debout Congolais \u00bb, la RDC est bel et bien debout \u2014 et ambitieuse.<\/p>\n<p><script async src=\"https:\/\/platform.twitter.com\/widgets.js\" charset=\"utf-8\"><\/script><\/p>\n","protected":false},"excerpt":{"rendered":"Longtemps en crise, les L\u00e9opards ont chang\u00e9 de visage depuis l\u2019arriv\u00e9e du s\u00e9lectionneur fran\u00e7ais S\u00e9bastien Desabre, artisan d\u2019une&hellip;\n","protected":false},"author":2,"featured_media":7657,"comment_status":"","ping_status":"","sticky":false,"template":"","format":"standard","meta":{"footnotes":""},"categories":[62],"tags":[64,1259,311],"class_list":{"0":"post-7656","1":"post","2":"type-post","3":"status-publish","4":"format-standard","5":"has-post-thumbnail","7":"category-afrique","8":"tag-afrique","9":"tag-congo","10":"tag-football"},"share_on_mastodon":{"url":"","error":""},"_links":{"self":[{"href":"https:\/\/www.europesays.com\/africa\/wp-json\/wp\/v2\/posts\/7656","targetHints":{"allow":["GET"]}}],"collection":[{"href":"https:\/\/www.europesays.com\/africa\/wp-json\/wp\/v2\/posts"}],"about":[{"href":"https:\/\/www.europesays.com\/africa\/wp-json\/wp\/v2\/types\/post"}],"author":[{"embeddable":true,"href":"https:\/\/www.europesays.com\/africa\/wp-json\/wp\/v2\/users\/2"}],"replies":[{"embeddable":true,"href":"https:\/\/www.europesays.com\/africa\/wp-json\/wp\/v2\/comments?post=7656"}],"version-history":[{"count":0,"href":"https:\/\/www.europesays.com\/africa\/wp-json\/wp\/v2\/posts\/7656\/revisions"}],"wp:featuredmedia":[{"embeddable":true,"href":"https:\/\/www.europesays.com\/africa\/wp-json\/wp\/v2\/media\/7657"}],"wp:attachment":[{"href":"https:\/\/www.europesays.com\/africa\/wp-json\/wp\/v2\/media?parent=7656"}],"wp:term":[{"taxonomy":"category","embeddable":true,"href":"https:\/\/www.europesays.com\/africa\/wp-json\/wp\/v2\/categories?post=7656"},{"taxonomy":"post_tag","embeddable":true,"href":"https:\/\/www.europesays.com\/africa\/wp-json\/wp\/v2\/tags?post=7656"}],"curies":[{"name":"wp","href":"https:\/\/api.w.org\/{rel}","templated":true}]}}