{"id":7680,"date":"2026-01-06T17:57:12","date_gmt":"2026-01-06T17:57:12","guid":{"rendered":"https:\/\/www.europesays.com\/africa\/7680\/"},"modified":"2026-01-06T17:57:12","modified_gmt":"2026-01-06T17:57:12","slug":"toubab-paris-des-bijoux-dexcellence-senegalaise-lafrique-en-marche","status":"publish","type":"post","link":"https:\/\/www.europesays.com\/africa\/7680\/","title":{"rendered":"Toubab Paris, des bijoux d&#8217;excellence s\u00e9n\u00e9galaise &#8211; L&#8217;Afrique en marche"},"content":{"rendered":"<p>\n                                                Maud Villaret est une cr\u00e9atrice\u00a0n\u00e9e en Casamance et qui a sillonn\u00e9 toute l\u2019Afrique ou presque. Son parcours, ses rencontres lui ont permis de cr\u00e9er sa marque de bijoux et de parures \u00ab Toubab Paris \u00bb. Des cr\u00e9ations d\u2019inspiration africaine d\u2019une rare beaut\u00e9 qui ont s\u00e9duit des artistes comme Ang\u00e9lique Kidjo, Dee Dee Bridgewater ou encore Rihanna.                    <\/p>\n<p>Difficile de d\u00e9crire les parures et bijoux de Maud Villaret, si ce n&#8217;est pour dire que ces assemblages de tissus africains, de pierres, de perles et de broderies sont spectaculaires. Un m\u00e9tissage soign\u00e9 de culture occidentale et africaine que cette ancienne \u00e9l\u00e8ve de l&#8217;\u00e9cole Duperr\u00e9 en France a d\u00e9velopp\u00e9 \u00e0 Dakar. Le S\u00e9n\u00e9gal, un choix pas tout \u00e0 fait anodin. Ce serait m\u00eame plut\u00f4t un retour aux sources pour Maud Villaret.\u00a0<\/p>\n<p>\u00ab\u00a0Comme je dis toujours, j&#8217;ai \u00e9t\u00e9\u00a0\u00a0&#8221; marabout\u00e9e &#8221;\u00a0avant d&#8217;\u00eatre n\u00e9e. J&#8217;avais mes parents qui travaillaient en Casamance quand ma m\u00e8re \u00e9tait enceinte de moi. Donc, j&#8217;ai \u00e9t\u00e9 con\u00e7ue au S\u00e9n\u00e9gal mais n\u00e9e en France et j&#8217;ai toujours voulu faire une passerelle entre l&#8217;Afrique et l\u2019Occident, quel que soit le support artistique. Je pense que mes parents m&#8217;ont transmis le go\u00fbt du voyage, de la diversit\u00e9 et des rencontres qui nous enrichissent, le go\u00fbt pour l&#8217;aventure. Et pendant mes \u00e9tudes de design textile, en fait, je cherchais une excuse pour repartir en Afrique de l&#8217;Ouest. J&#8217;ai trouv\u00e9 un stage de teinture indigo avec le designer calligraphe Aboubakar Fofana au Mali. Et j&#8217;ai d\u00e9couvert ce que c&#8217;\u00e9tait que le travail de textile traditionnel et cela m&#8217;a passionn\u00e9e. J&#8217;ai commenc\u00e9 \u00e0 partir effectivement au Burkina Faso pour collaborer avec des artisans sur mes premi\u00e8res pi\u00e8ces, mes premi\u00e8res s\u00e9ries\u00a0\u00bb.\u00a0<\/p>\n<p><img decoding=\"async\" fetchpriority=\"low\" src=\"https:\/\/www.europesays.com\/africa\/wp-content\/uploads\/2026\/01\/moi-portrait-st-louis-25.jpg\"   alt=\"La cr\u00e9atrice Maud Villaret \u00e0 Dakar\" style=\"max-height:1130px\" loading=\"lazy\" class=\"a-img \"\/><\/p>\n<p>                La cr\u00e9atrice Maud Villaret \u00e0 Dakar                \u00a9 Tou            <\/p>\n<p>         Passion du travail textile <\/p>\n<p>\u00ab\u00a0J&#8217;ai de tout, je collectionne tout, je r\u00e9cup\u00e8re tout\u00a0! J&#8217;ai des collections de perles anciennes, j&#8217;ai des choses, j&#8217;ai beaucoup de raphia \u00e0 tisser de Madagascar, j&#8217;utilise des \u00e9l\u00e9ments du Congo, j&#8217;utilise des soies qui viennent du Cambodge, vraiment tout ce qui passe entre mes mains, quoi\u00a0\u00bb.\u00a0<\/p>\n<p>Certaines pi\u00e8ces de Toubab Paris peuvent prendre des centaines d&#8217;heures d&#8217;assemblage, de broderies, de sertissage. Une minutie qui s\u00e9duit des c\u00e9l\u00e9brit\u00e9s comme Rihanna, Ang\u00e9lique Kidjo, Sonia Rolland ou encore Erykah Badu, qui ont d\u00e9cid\u00e9 de s&#8217;approprier l\u2019un de ces bijoux et par l\u00e0-m\u00eame un peu de leur culture. Tabue Nguma est chef de secteur sciences sociales et humaines pour <a href=\"https:\/\/www.unesco.org\/fr\/fieldoffice\/dakar\" target=\"_blank\" rel=\"nofollow noopener\">l&#8217;UNESCO au S\u00e9n\u00e9gal<\/a>.\u00a0<\/p>\n<p>\u00ab\u00a0C&#8217;est aussi un marqueur esth\u00e9tique tr\u00e8s fort, avec des r\u00e9f\u00e9rences tr\u00e8s fort et tr\u00e8s positif au niveau du continent. Et \u00e7a dit aussi qu&#8217;en fait, au niveau de tous ces artistes \u00e0 la fois africains et afro-am\u00e9ricains, ils sont \u00a0tr\u00e8s int\u00e9ress\u00e9s par des gens comme Maud pour s&#8217;int\u00e9resser aussi sinc\u00e8rement et avec respect \u00e0 l&#8217;Afrique. Int\u00e9ress\u00e9s par ce que l&#8217;Afrique a cr\u00e9\u00e9 et le r\u00e9utiliser. Je pense que les artistes sont sensibles en fait \u00e0 ce travail qui n&#8217;est pas qu&#8217;un simple travail esth\u00e9tique. Maud, quand elle vend un collier, quand elle vend une broche, c&#8217;est aussi une \u00e9motion qu&#8217;elle am\u00e8ne aupr\u00e8s de vous. C&#8217;est un sentiment et c&#8217;est tout cela, je pense, qui int\u00e9resse ces artistes\u00a0\u00bb.<\/p>\n<p><img decoding=\"async\" fetchpriority=\"low\" src=\"https:\/\/www.europesays.com\/africa\/wp-content\/uploads\/2026\/01\/visuel-boutique-moumkeen-1.jpg\"   alt=\"Bijou Toubab Paris\" style=\"max-height:1123px\" loading=\"lazy\" class=\"a-img \"\/><\/p>\n<p>                Bijou Toubab Paris                \u00a9 Toubab Paris            <\/p>\n<p>Les colliers, broches, parures de Toubab Paris se vendent \u00e0 Dakar, dans sa galerie Moumkeen \u00e0 l&#8217;h\u00f4tel Sokhamon, mais aussi en France, o\u00f9 Jean-Paul Blach\u00e8re [d\u00e9c\u00e9d\u00e9 quelques jours apr\u00e8s cette interview, NDLR] , cr\u00e9ateur de la <a href=\"https:\/\/www.fondationblachere.org\/\" target=\"_blank\" rel=\"nofollow noopener\">fondation du m\u00eame nom<\/a>, a d\u00e9cid\u00e9 d&#8217;exposer et de vendre ses cr\u00e9ations.\u00a0<\/p>\n<p>\u00ab\u00a0Maud a \u00e9t\u00e9 rencontr\u00e9e dans un premier temps par des responsables de la fondation qui venaient \u00e0 la Biennale de Dakar rep\u00e9rer les artistes sur lesquels nous voulions apporter une aide ou les exposer. Et elles ont \u00e9t\u00e9 sid\u00e9r\u00e9es par l&#8217;\u00e9nergie de cette jeune femme et la cr\u00e9ativit\u00e9 de ses bijoux. Tout ce m\u00e9tissage de tissus, de perles, de fils, de quatre ou cinq mati\u00e8res diff\u00e9rentes, mises avec go\u00fbt et avec personnalit\u00e9, donne un sens nouveau. Elle a innov\u00e9 un nouveau style par la dimension, par la grandeur, par son savoir-faire\u00a0\u00bb.\u00a0<\/p>\n<p>Maud Villaret fait dans l&#8217;excellence avec ses bijoux mais propose des ateliers grand public de cr\u00e9ation \u00e0 partir d&#8217;objets personnels. R\u00e9cemment, elle a aussi anim\u00e9 un atelier de confection de lampes \u00e0 partir de bidons plastiques usag\u00e9s pour en faire des \u0153uvres d&#8217;art.\u00a0<\/p>\n","protected":false},"excerpt":{"rendered":"Maud Villaret est une cr\u00e9atrice\u00a0n\u00e9e en Casamance et qui a sillonn\u00e9 toute l\u2019Afrique ou presque. Son parcours, ses&hellip;\n","protected":false},"author":2,"featured_media":7681,"comment_status":"","ping_status":"","sticky":false,"template":"","format":"standard","meta":{"footnotes":""},"categories":[62],"tags":[64,5401,5400,562,159],"class_list":{"0":"post-7680","1":"post","2":"type-post","3":"status-publish","4":"format-standard","5":"has-post-thumbnail","7":"category-afrique","8":"tag-afrique","9":"tag-entreprises","10":"tag-lafrique-en-marche","11":"tag-mode","12":"tag-senegal"},"share_on_mastodon":{"url":"","error":""},"_links":{"self":[{"href":"https:\/\/www.europesays.com\/africa\/wp-json\/wp\/v2\/posts\/7680","targetHints":{"allow":["GET"]}}],"collection":[{"href":"https:\/\/www.europesays.com\/africa\/wp-json\/wp\/v2\/posts"}],"about":[{"href":"https:\/\/www.europesays.com\/africa\/wp-json\/wp\/v2\/types\/post"}],"author":[{"embeddable":true,"href":"https:\/\/www.europesays.com\/africa\/wp-json\/wp\/v2\/users\/2"}],"replies":[{"embeddable":true,"href":"https:\/\/www.europesays.com\/africa\/wp-json\/wp\/v2\/comments?post=7680"}],"version-history":[{"count":0,"href":"https:\/\/www.europesays.com\/africa\/wp-json\/wp\/v2\/posts\/7680\/revisions"}],"wp:featuredmedia":[{"embeddable":true,"href":"https:\/\/www.europesays.com\/africa\/wp-json\/wp\/v2\/media\/7681"}],"wp:attachment":[{"href":"https:\/\/www.europesays.com\/africa\/wp-json\/wp\/v2\/media?parent=7680"}],"wp:term":[{"taxonomy":"category","embeddable":true,"href":"https:\/\/www.europesays.com\/africa\/wp-json\/wp\/v2\/categories?post=7680"},{"taxonomy":"post_tag","embeddable":true,"href":"https:\/\/www.europesays.com\/africa\/wp-json\/wp\/v2\/tags?post=7680"}],"curies":[{"name":"wp","href":"https:\/\/api.w.org\/{rel}","templated":true}]}}