{"id":7708,"date":"2026-01-06T18:13:08","date_gmt":"2026-01-06T18:13:08","guid":{"rendered":"https:\/\/www.europesays.com\/africa\/7708\/"},"modified":"2026-01-06T18:13:08","modified_gmt":"2026-01-06T18:13:08","slug":"algerie-rd-congo-zinedine-et-veronique-zidane-ensemble-pour-assister-au-8e-de-finale-de-leur-fils-luca-gims-au-rendez-vous","status":"publish","type":"post","link":"https:\/\/www.europesays.com\/africa\/7708\/","title":{"rendered":"Alg\u00e9rie &#8211; RD Congo\u00a0: Zinedine et V\u00e9ronique Zidane ensemble pour assister au 8e de finale de leur fils Luca, Gims au rendez-vous"},"content":{"rendered":"<p class=\"paragraph text_align_left lp-f-body-02\">Pas de pression, <a href=\"https:\/\/www.leparisien.fr\/sports\/football\/coupe-d-afrique-des-nations\/de-plus-en-plus-a-laise-luca-zidane-sest-fait-un-prenom-avec-lalgerie-qui-vise-les-quarts-de-finale-de-la-can-06-01-2026-MKBVITA4JBCLFAPI3P4Z4ZGEUQ.php\" target=\"_blank\" rel=\"noreferrer nofollow noopener\">Luca Zidane<\/a> joue son premier huiti\u00e8me de finale de <a href=\"https:\/\/www.leparisien.fr\/sports\/football\/coupe-d-afrique-des-nations\/\" target=\"_self\" rel=\"nofollow noopener\">Coupe d\u2019Afrique des nations<\/a> devant ses parents. <a href=\"https:\/\/www.leparisien.fr\/sports\/football\/zinedine-zidane\/\" target=\"_self\" rel=\"nofollow noopener\">Zinedine<\/a> et V\u00e9ronique Zidane sont pr\u00e9sents en tribune du stade Prince Moulay El Hassan de Rabat, ce mardi pour la rencontre entre <a href=\"https:\/\/www.leparisien.fr\/sports\/football\/algerie\/\" target=\"_blank\" rel=\"noreferrer nofollow noopener\">l\u2019Alg\u00e9rie <\/a>et la R\u00e9publique d\u00e9mocratique du Congo.<\/p>\n<p class=\"\">\u00ab Zizou \u00bb ne rate pas une miette des aventures de son fiston dans ce tournoi. L\u2019ancien num\u00e9ro 10 \u00e9tait d\u00e9j\u00e0 l\u00e0 <a href=\"https:\/\/www.leparisien.fr\/sports\/football\/coupe-d-afrique-des-nations\/algerie-soudan-zinedine-zidane-present-a-rabat-pour-assister-au-match-de-son-fils-luca-24-12-2025-ZZ4MT6LC2VDU5EQBSBFK3OVA4E.php\" target=\"_self\" rel=\"nofollow noopener\">lors de l\u2019entr\u00e9e en lice des Fennecs face au Soudan (3-0)<\/a>. Il avait encha\u00een\u00e9 par la partie contre le Burkina Faso (1-0), mais il avait disparu de l\u2019objectif des photographes lors du troisi\u00e8me match de poules remport\u00e9 contre la Guin\u00e9e \u00e9quatoriale (3-1). \u00ab ZZ \u00bb n\u2019a ainsi jamais vu Luca aller chercher le ballon dans ses filets au cours du tournoi marocain.<\/p>\n<p>Gims et son fr\u00e8re<\/p>\n<p class=\"\">L\u2019ex-entra\u00eeneur du Real Madrid n\u2019est pas la seule personnalit\u00e9 au rendez-vous du choc des huiti\u00e8mes de finale de la CAN. Le chanteur <a href=\"https:\/\/www.leparisien.fr\/culture-loisirs\/musique\/cest-du-jamais-vu-comment-gims-a-fait-un-impressionnant-retour-au-sommet-en-2025-23-12-2025-USVLL7TFEVFXDJLMAHYWPKCD7A.php\" target=\"_blank\" rel=\"noreferrer nofollow noopener\">Gims<\/a>, flanqu\u00e9 de son fr\u00e8re Dadju, est \u00e0 Rabat. Les deux frangins ne sont, en revanche, a priori pas dans le m\u00eame camp que Zidane. Les deux artistes sont franco-congolais. N\u00e9 \u00e0 Kinshasa, l\u2019homme aux lunettes noires avait chauff\u00e9 le public au micro de RMC : \u00ab C\u2019est un match tr\u00e8s int\u00e9ressant, les deux peuples sont tr\u00e8s fiers de leur pays respectif, il va y avoir des \u00e9tincelles, \u00e7a va \u00eatre beau ! Ce sera une ambiance de fou. \u00bb<\/p>\n","protected":false},"excerpt":{"rendered":"Pas de pression, Luca Zidane joue son premier huiti\u00e8me de finale de Coupe d\u2019Afrique des nations devant ses&hellip;\n","protected":false},"author":2,"featured_media":7709,"comment_status":"","ping_status":"","sticky":false,"template":"","format":"standard","meta":{"footnotes":""},"categories":[254],"tags":[255,360,2922,311,264],"class_list":{"0":"post-7708","1":"post","2":"type-post","3":"status-publish","4":"format-standard","5":"has-post-thumbnail","7":"category-algerie","8":"tag-algerie","9":"tag-can","10":"tag-culture-et-loisirs","11":"tag-football","12":"tag-sports"},"share_on_mastodon":{"url":"","error":""},"_links":{"self":[{"href":"https:\/\/www.europesays.com\/africa\/wp-json\/wp\/v2\/posts\/7708","targetHints":{"allow":["GET"]}}],"collection":[{"href":"https:\/\/www.europesays.com\/africa\/wp-json\/wp\/v2\/posts"}],"about":[{"href":"https:\/\/www.europesays.com\/africa\/wp-json\/wp\/v2\/types\/post"}],"author":[{"embeddable":true,"href":"https:\/\/www.europesays.com\/africa\/wp-json\/wp\/v2\/users\/2"}],"replies":[{"embeddable":true,"href":"https:\/\/www.europesays.com\/africa\/wp-json\/wp\/v2\/comments?post=7708"}],"version-history":[{"count":0,"href":"https:\/\/www.europesays.com\/africa\/wp-json\/wp\/v2\/posts\/7708\/revisions"}],"wp:featuredmedia":[{"embeddable":true,"href":"https:\/\/www.europesays.com\/africa\/wp-json\/wp\/v2\/media\/7709"}],"wp:attachment":[{"href":"https:\/\/www.europesays.com\/africa\/wp-json\/wp\/v2\/media?parent=7708"}],"wp:term":[{"taxonomy":"category","embeddable":true,"href":"https:\/\/www.europesays.com\/africa\/wp-json\/wp\/v2\/categories?post=7708"},{"taxonomy":"post_tag","embeddable":true,"href":"https:\/\/www.europesays.com\/africa\/wp-json\/wp\/v2\/tags?post=7708"}],"curies":[{"name":"wp","href":"https:\/\/api.w.org\/{rel}","templated":true}]}}