{"id":7710,"date":"2026-01-06T18:14:07","date_gmt":"2026-01-06T18:14:07","guid":{"rendered":"https:\/\/www.europesays.com\/africa\/7710\/"},"modified":"2026-01-06T18:14:07","modified_gmt":"2026-01-06T18:14:07","slug":"aveux-partiels-lourdes-accusations-et-20-millions-reclames","status":"publish","type":"post","link":"https:\/\/www.europesays.com\/africa\/7710\/","title":{"rendered":"aveux partiels, lourdes accusations et 20 millions r\u00e9clam\u00e9s&#8230;"},"content":{"rendered":"<p>Les six \u00e9lus locaux de Saly, Penda Seck, Babacar Gu\u00e8ye, Ibrahima Djigal, Ndongo Fall (pr\u00e9sident de la zone 7C de Saly), Famara Dioly San\u00e9 et B\u00e9caye Dieng, ont comparu mardi dernier devant le tribunal dans une affaire m\u00ealant litige foncier, appels \u00e0 la mobilisation et troubles graves \u00e0 l\u2019ordre public.<\/p>\n<p>Le proc\u00e8s a \u00e9t\u00e9 suivi par l\u2019\u00e9quipe de Dakaractu Mbour. Ils sont poursuivis pour incitation \u00e0 la participation \u00e0 une manifestation non autoris\u00e9e, actes de vandalisme, troubles \u00e0 l\u2019ordre public et destructions de biens appartenant \u00e0 autrui.<\/p>\n<p>\u00a0<\/p>\n<p>\u00c0 l\u2019origine de cette affaire, un diff\u00e9rend foncier opposant les mis en cause \u00e0 la Soci\u00e9t\u00e9 d\u2019Am\u00e9nagement et de Promotion Touristique du S\u00e9n\u00e9gal (SAPCO). Les pr\u00e9venus d\u00e9noncent la spoliation de trois hectares de terres, une situation qui a suscit\u00e9 une vive tension au sein des populations de Saly.<\/p>\n<p>Selon l\u2019accusation, les \u00e9lus auraient utilis\u00e9 les r\u00e9seaux sociaux pour appeler \u00e0 la r\u00e9sistance et au combat, mena\u00e7ant ainsi de troubler l\u2019ordre public.<\/p>\n<p>\u00a0<\/p>\n<p>Les trois hectares litigieux avaient \u00e9t\u00e9 mis \u00e0 la disposition de Dame Fall pour l\u2019organisation d\u2019une foire. Apr\u00e8s l\u2019installation du mat\u00e9riel, un groupe d\u2019individus est venu saccager les lieux, provoquant par la suite de violents affrontements entre les forces de d\u00e9fense et de s\u00e9curit\u00e9 (FDS) et des populations.<\/p>\n<p>\u00a0<\/p>\n<p>\u00a0<\/p>\n<p>\u00c0 la barre, les versions ont vari\u00e9 selon les pr\u00e9venus. Ndongo Fall a ni\u00e9 toute incitation \u00e0 la violence ou aux saccages. Penda Seck et Famara Dioly San\u00e9 ont reconnu avoir, dans des audios, appel\u00e9 \u00e0 aller saccager les installations. Ibrahima Djigal et Babacar Gu\u00e8ye ont admis avoir demand\u00e9 aux populations d\u2019envahir les lieux, tout en rejetant toute incitation aux actes de vandalisme.<\/p>\n<p>\u00a0<\/p>\n<p>\u00a0<\/p>\n<p>Des d\u00e9bats d\u2019audience, il est \u00e9galement ressorti que les mis en cause auraient pr\u00e9vu d\u2019aller incendier l\u2019h\u00f4tel Savana, un site appartenant \u00e0 l\u2019\u00c9tat du S\u00e9n\u00e9gal, un \u00e9l\u00e9ment jug\u00e9 particuli\u00e8rement grave par la partie civile.<\/p>\n<p>\u00a0<\/p>\n<p>20 millions r\u00e9clam\u00e9s, la relaxe demand\u00e9e<\/p>\n<p>\u00a0<\/p>\n<p>Pour la partie civile, Me Deh a r\u00e9clam\u00e9 la somme de 20 millions de francs CFA en r\u00e9paration du pr\u00e9judice subi.<\/p>\n<p>En face, Me S\u00e8ne, avocat de la d\u00e9fense, a plaid\u00e9 la relaxe au b\u00e9n\u00e9fice du doute, estimant que les charges retenues ne permettent pas d\u2019\u00e9tablir avec certitude la responsabilit\u00e9 p\u00e9nale de ses clients.<\/p>\n<p>L\u2019affaire a \u00e9t\u00e9 mise en d\u00e9lib\u00e9r\u00e9. Les six \u00e9lus restent d\u00e9sormais dans l\u2019attente de la d\u00e9cision du tribunal.<\/p>\n","protected":false},"excerpt":{"rendered":"Les six \u00e9lus locaux de Saly, Penda Seck, Babacar Gu\u00e8ye, Ibrahima Djigal, Ndongo Fall (pr\u00e9sident de la zone&hellip;\n","protected":false},"author":2,"featured_media":7711,"comment_status":"","ping_status":"","sticky":false,"template":"","format":"standard","meta":{"footnotes":""},"categories":[48],"tags":[64,274,279,273,277,278,271,281,283,272,280,276,275,159,282],"class_list":{"0":"post-7710","1":"post","2":"type-post","3":"status-publish","4":"format-standard","5":"has-post-thumbnail","7":"category-senegal","8":"tag-afrique","9":"tag-aliou-cisse","10":"tag-amadou-ba","11":"tag-apr","12":"tag-bassirou-diomaye-faye","13":"tag-bathelemy-dias","14":"tag-dakar","15":"tag-el-malick-ndiaye","16":"tag-guy-marius-sagna","17":"tag-macky-sall","18":"tag-madiambal-diagne","19":"tag-ousmane-sonko","20":"tag-pastef","21":"tag-senegal","22":"tag-ziguinchor"},"share_on_mastodon":{"url":"","error":""},"_links":{"self":[{"href":"https:\/\/www.europesays.com\/africa\/wp-json\/wp\/v2\/posts\/7710","targetHints":{"allow":["GET"]}}],"collection":[{"href":"https:\/\/www.europesays.com\/africa\/wp-json\/wp\/v2\/posts"}],"about":[{"href":"https:\/\/www.europesays.com\/africa\/wp-json\/wp\/v2\/types\/post"}],"author":[{"embeddable":true,"href":"https:\/\/www.europesays.com\/africa\/wp-json\/wp\/v2\/users\/2"}],"replies":[{"embeddable":true,"href":"https:\/\/www.europesays.com\/africa\/wp-json\/wp\/v2\/comments?post=7710"}],"version-history":[{"count":0,"href":"https:\/\/www.europesays.com\/africa\/wp-json\/wp\/v2\/posts\/7710\/revisions"}],"wp:featuredmedia":[{"embeddable":true,"href":"https:\/\/www.europesays.com\/africa\/wp-json\/wp\/v2\/media\/7711"}],"wp:attachment":[{"href":"https:\/\/www.europesays.com\/africa\/wp-json\/wp\/v2\/media?parent=7710"}],"wp:term":[{"taxonomy":"category","embeddable":true,"href":"https:\/\/www.europesays.com\/africa\/wp-json\/wp\/v2\/categories?post=7710"},{"taxonomy":"post_tag","embeddable":true,"href":"https:\/\/www.europesays.com\/africa\/wp-json\/wp\/v2\/tags?post=7710"}],"curies":[{"name":"wp","href":"https:\/\/api.w.org\/{rel}","templated":true}]}}