{"id":7757,"date":"2026-01-06T18:44:06","date_gmt":"2026-01-06T18:44:06","guid":{"rendered":"https:\/\/www.europesays.com\/africa\/7757\/"},"modified":"2026-01-06T18:44:06","modified_gmt":"2026-01-06T18:44:06","slug":"le-cpsr-presente-un-projet-detude-visant-a-reduire-la-mortalite-a-lhorizon-2030","status":"publish","type":"post","link":"https:\/\/www.europesays.com\/africa\/7757\/","title":{"rendered":"le CPSR pr\u00e9sente un projet d&#8217;\u00e9tude visant \u00e0 r\u00e9duire la mortalit\u00e9 \u00e0 l&#8217;horizon 2030"},"content":{"rendered":"<p>Pr\u00e9sidant cette r\u00e9union, le ministre du Transport et de la Logistique, Abdessamad Kayouh, a indiqu\u00e9 que ce projet d\u2019\u00e9tude a \u00e9t\u00e9 \u00e9labor\u00e9 par son D\u00e9partement et l\u2019Agence nationale de la s\u00e9curit\u00e9 routi\u00e8re (NARSA), en concertation avec l\u2019ensemble des parties prenantes dans le but d&#8217;apporter des r\u00e9ponses efficaces aux probl\u00e9matiques du secteur. <\/p>\n<p>M. Kayouh, qui est revenu sur les statistiques des accidents de la route au titre de 2024-2025, a pr\u00e9cis\u00e9 que cette \u00e9tude tient compte des r\u00e9alit\u00e9s du terrain et des meilleures pratiques \u00e0 l&#8217;international suivant une approche participative en associant les acteurs concern\u00e9s dans le renforcement de la s\u00e9curit\u00e9 sur les routes, ajoutant que des concertations au niveau de chaque r\u00e9gion sont pr\u00e9vus afin de parvenir \u00e0 des solutions et mesures adapt\u00e9es. <\/p>\n<p>Cette \u00e9tude comprend notamment un volet l\u00e9gislatif avec des propositions de r\u00e9vision de certaines dispositions du Code de la route, en plus de suggestions concernant la mobilisation des moyens logistiques n\u00e9cessaires, a fait savoir le ministre. <\/p>\n<p>Pour sa part, le directeur g\u00e9n\u00e9ral de la NARSA, Benacer Boulaajoul, a expliqu\u00e9 que l&#8217;\u00e9tude fait le bilan de la premi\u00e8re phase de la Strat\u00e9gie nationale de s\u00e9curit\u00e9 routi\u00e8re (SNRS) 2017-2021 et actualise son contenu tout en contribuant \u00e0 l&#8217;\u00e9laboration du nouveau plan d\u2019action pour la p\u00e9riode 2026-2030. <\/p>\n<p>Il a \u00e9galement mis en avant les principales statistiques et les indicateurs cl\u00e9s de la s\u00e9curit\u00e9 routi\u00e8re, ainsi que les axes de la SNRS 2026-2030 et les d\u00e9fis \u00e0 relever. <\/p>\n<p>M. Boulaajoul a en outre expos\u00e9 les moyens pour une gestion efficace du syst\u00e8me de s\u00e9curit\u00e9 routi\u00e8re et les pratiques \u00e0 mettre en place en vue d&#8217;un changement de comportement chez les usagers, outre les champs d\u2019intervention possibles. <\/p>\n<p>Dans le but de garantir la mise en \u0153uvre optimale de la SNRS, le DG de la NARSA a plaid\u00e9 pour une meilleure gouvernance, un renforcement des ressources humaines, un budget adapt\u00e9, des changements r\u00e9glementaires ainsi qu&#8217;une num\u00e9risation plus pouss\u00e9e.<\/p>\n","protected":false},"excerpt":{"rendered":"Pr\u00e9sidant cette r\u00e9union, le ministre du Transport et de la Logistique, Abdessamad Kayouh, a indiqu\u00e9 que ce projet&hellip;\n","protected":false},"author":2,"featured_media":7758,"comment_status":"","ping_status":"","sticky":false,"template":"","format":"standard","meta":{"footnotes":""},"categories":[41],"tags":[554,553,555,556,563,565,560,567,561,557,162,566,564,558,559,158,562,248,239,310,568],"class_list":{"0":"post-7757","1":"post","2":"type-post","3":"status-publish","4":"format-standard","5":"has-post-thumbnail","7":"category-maroc","8":"tag-actualites","9":"tag-actualites-et-infos-au-maroc","10":"tag-actualites-et-infos-mondiale","11":"tag-actualites-marocaines-du-jour","12":"tag-alimentation","13":"tag-analyses","14":"tag-art-de-vivre","15":"tag-chronique","16":"tag-consommation-et-bien-etre","17":"tag-culture","18":"tag-economie","19":"tag-edito","20":"tag-etudes","21":"tag-insolite","22":"tag-loisirs","23":"tag-maroc","24":"tag-mode","25":"tag-politique","26":"tag-societe","27":"tag-sport","28":"tag-tribune"},"share_on_mastodon":{"url":"","error":""},"_links":{"self":[{"href":"https:\/\/www.europesays.com\/africa\/wp-json\/wp\/v2\/posts\/7757","targetHints":{"allow":["GET"]}}],"collection":[{"href":"https:\/\/www.europesays.com\/africa\/wp-json\/wp\/v2\/posts"}],"about":[{"href":"https:\/\/www.europesays.com\/africa\/wp-json\/wp\/v2\/types\/post"}],"author":[{"embeddable":true,"href":"https:\/\/www.europesays.com\/africa\/wp-json\/wp\/v2\/users\/2"}],"replies":[{"embeddable":true,"href":"https:\/\/www.europesays.com\/africa\/wp-json\/wp\/v2\/comments?post=7757"}],"version-history":[{"count":0,"href":"https:\/\/www.europesays.com\/africa\/wp-json\/wp\/v2\/posts\/7757\/revisions"}],"wp:featuredmedia":[{"embeddable":true,"href":"https:\/\/www.europesays.com\/africa\/wp-json\/wp\/v2\/media\/7758"}],"wp:attachment":[{"href":"https:\/\/www.europesays.com\/africa\/wp-json\/wp\/v2\/media?parent=7757"}],"wp:term":[{"taxonomy":"category","embeddable":true,"href":"https:\/\/www.europesays.com\/africa\/wp-json\/wp\/v2\/categories?post=7757"},{"taxonomy":"post_tag","embeddable":true,"href":"https:\/\/www.europesays.com\/africa\/wp-json\/wp\/v2\/tags?post=7757"}],"curies":[{"name":"wp","href":"https:\/\/api.w.org\/{rel}","templated":true}]}}