{"id":7795,"date":"2026-01-06T19:10:07","date_gmt":"2026-01-06T19:10:07","guid":{"rendered":"https:\/\/www.europesays.com\/africa\/7795\/"},"modified":"2026-01-06T19:10:07","modified_gmt":"2026-01-06T19:10:07","slug":"algerie-rd-congo-juste-entre-en-jeu-boulbina-envoie-les-fennecs-en-quarts-de-finale-dune-frappe-exceptionnelle-en-fin-de-prolongation","status":"publish","type":"post","link":"https:\/\/www.europesays.com\/africa\/7795\/","title":{"rendered":"Alg\u00e9rie &#8211; RD Congo\u00a0: juste entr\u00e9 en jeu, Boulbina envoie les Fennecs en quarts de finale d\u2019une frappe exceptionnelle en fin de prolongation"},"content":{"rendered":"<p class=\"paragraph text_align_left lp-f-body-02\">Il n\u2019avait pas lac\u00e9 ses crampons \u00e0 l\u2019instant d\u2019entrer en jeu, mais c\u2019\u00e9tait loin de vouloir dire qu\u2019il n\u2019\u00e9tait pas pr\u00eat pour la suite des \u00e9v\u00e9nements. \u00c0 la 113e minute, Adil Boulbina a d\u00e9barqu\u00e9 sur la pelouse de Rabat pour apporter sa vivacit\u00e9 dans le couloir gauche. Finalement, sa qualit\u00e9 de frappe a lib\u00e9r\u00e9 les Fennecs, plut\u00f4t que sa qualit\u00e9 de dribbles. Six minutes apr\u00e8s son apparition, le joueur d\u2019Al-Duhail a log\u00e9 une sublime frappe dans la lucarne congolaise pour envoyer <a href=\"https:\/\/www.leparisien.fr\/sports\/football\/algerie\/\" target=\"_blank\" rel=\"noreferrer nofollow noopener\">l\u2019Alg\u00e9rie <\/a>en quarts de finale de la <a href=\"https:\/\/www.leparisien.fr\/sports\/football\/coupe-d-afrique-des-nations\/\" target=\"_blank\" rel=\"noreferrer nofollow noopener\">Coupe d\u2019Afrique des nations 2025<\/a> (1-0).<\/p>\n<p class=\"\">Apr\u00e8s trois victoires en phase de poules, les joueurs de Vladimir Petkovic ont pein\u00e9 contre la R\u00e9publique d\u00e9mocratique du Congo en huiti\u00e8mes. Les Alg\u00e9riens ont tir\u00e9 parti de la technique de leurs milieux pour confisquer le ballon en d\u00e9but de partie. Ils ont acc\u00e9l\u00e9r\u00e9 en exploitant le couloir droit au point que Rafik Belghali a failli forcer Chancel Mbemba \u00e0 marquer contre son camp \u00e0 la r\u00e9ception d\u2019un centre vicieux (21e).<\/p>\n<p>Sous les yeux de Zinedine Zidane<\/p>\n<p class=\"\">En face, Axel Tuanzebe est pass\u00e9 tout pr\u00e8s de devenir le premier \u00e0 scorer devant <a href=\"https:\/\/www.leparisien.fr\/sports\/football\/coupe-d-afrique-des-nations\/de-plus-en-plus-a-laise-luca-zidane-sest-fait-un-prenom-avec-lalgerie-qui-vise-les-quarts-de-finale-de-la-can-06-01-2026-MKBVITA4JBCLFAPI3P4Z4ZGEUQ.php\" target=\"_self\" rel=\"nofollow noopener\">Luca Zidane<\/a>, sous les yeux de<a href=\"https:\/\/www.leparisien.fr\/sports\/football\/coupe-d-afrique-des-nations\/algerie-rd-congo-zinedine-et-veronique-zidane-ensemble-pour-assister-au-8e-de-finale-de-leur-fils-luca-gims-au-rendez-vous-06-01-2026-M6QZINIXARDF7HVT5BT7NBLD3E.php\" target=\"_blank\" rel=\"noreferrer nofollow noopener\"> ses parents<\/a>, mais sa t\u00eate n\u2019a fait que fr\u00f4ler le montant droit du gardien alg\u00e9rien (26e). Cette occasion a sign\u00e9 la fin de la domination alg\u00e9rienne. Les Fennecs ont jou\u00e9 trop lentement pour inqui\u00e9ter les L\u00e9opards.<\/p>\n<p class=\"\">Les entr\u00e9es en jeu de profils plus explosifs ou plus cr\u00e9atifs additionn\u00e9es \u00e0 la fatigue des joueurs congolais ont desserr\u00e9 les lignes adverses. La panique s\u2019est incrust\u00e9e dans la surface de la RDC \u00e0 la 86e, mais Lionel Mpasi s\u2019est rattrap\u00e9 apr\u00e8s une sortie a\u00e9rienne catastrophique.<\/p>\n<p class=\"\">Le public alg\u00e9rien a trembl\u00e9 sur un centre soigneusement d\u00e9fendu par Zineddine Bela\u00efd. Un autre <a href=\"https:\/\/www.leparisien.fr\/sports\/football\/coupe-d-afrique-des-nations\/algerie-rd-congo-zinedine-et-veronique-zidane-ensemble-pour-assister-au-8e-de-finale-de-leur-fils-luca-gims-au-rendez-vous-06-01-2026-M6QZINIXARDF7HVT5BT7NBLD3E.php\" target=\"_self\" rel=\"nofollow noopener\">Zinedine \u00e9tait pr\u00e9sent dans les gradins<\/a> du stade Prince Moulay El Hassan en compagnie de son \u00e9pouse V\u00e9ronique pour \u00e9pier la performance de Luca. Ce dernier a affich\u00e9 davantage de s\u00e9r\u00e9nit\u00e9 que son homologue congolais. Mpasi a laiss\u00e9 \u00e9chapper plusieurs ballons avant de r\u00e9aliser deux parades d\u00e9cisives en prolongation. Il n\u2019a rien pu faire sur l\u2019exploit de Boulbina, qui a donn\u00e9 rendez-vous au Nigeria en quarts.<\/p>\n","protected":false},"excerpt":{"rendered":"Il n\u2019avait pas lac\u00e9 ses crampons \u00e0 l\u2019instant d\u2019entrer en jeu, mais c\u2019\u00e9tait loin de vouloir dire qu\u2019il&hellip;\n","protected":false},"author":2,"featured_media":7796,"comment_status":"","ping_status":"","sticky":false,"template":"","format":"standard","meta":{"footnotes":""},"categories":[254],"tags":[255,360,311,264],"class_list":{"0":"post-7795","1":"post","2":"type-post","3":"status-publish","4":"format-standard","5":"has-post-thumbnail","7":"category-algerie","8":"tag-algerie","9":"tag-can","10":"tag-football","11":"tag-sports"},"share_on_mastodon":{"url":"","error":""},"_links":{"self":[{"href":"https:\/\/www.europesays.com\/africa\/wp-json\/wp\/v2\/posts\/7795","targetHints":{"allow":["GET"]}}],"collection":[{"href":"https:\/\/www.europesays.com\/africa\/wp-json\/wp\/v2\/posts"}],"about":[{"href":"https:\/\/www.europesays.com\/africa\/wp-json\/wp\/v2\/types\/post"}],"author":[{"embeddable":true,"href":"https:\/\/www.europesays.com\/africa\/wp-json\/wp\/v2\/users\/2"}],"replies":[{"embeddable":true,"href":"https:\/\/www.europesays.com\/africa\/wp-json\/wp\/v2\/comments?post=7795"}],"version-history":[{"count":0,"href":"https:\/\/www.europesays.com\/africa\/wp-json\/wp\/v2\/posts\/7795\/revisions"}],"wp:featuredmedia":[{"embeddable":true,"href":"https:\/\/www.europesays.com\/africa\/wp-json\/wp\/v2\/media\/7796"}],"wp:attachment":[{"href":"https:\/\/www.europesays.com\/africa\/wp-json\/wp\/v2\/media?parent=7795"}],"wp:term":[{"taxonomy":"category","embeddable":true,"href":"https:\/\/www.europesays.com\/africa\/wp-json\/wp\/v2\/categories?post=7795"},{"taxonomy":"post_tag","embeddable":true,"href":"https:\/\/www.europesays.com\/africa\/wp-json\/wp\/v2\/tags?post=7795"}],"curies":[{"name":"wp","href":"https:\/\/api.w.org\/{rel}","templated":true}]}}