{"id":7799,"date":"2026-01-06T19:12:06","date_gmt":"2026-01-06T19:12:06","guid":{"rendered":"https:\/\/www.europesays.com\/africa\/7799\/"},"modified":"2026-01-06T19:12:06","modified_gmt":"2026-01-06T19:12:06","slug":"les-droits-et-linclusion-des-personnes-handicapees-au-coeur-dune-conference-nationale","status":"publish","type":"post","link":"https:\/\/www.europesays.com\/africa\/7799\/","title":{"rendered":"Les droits et l&#8217;inclusion des personnes handicap\u00e9es au coeur d&#8217;une conf\u00e9rence nationale"},"content":{"rendered":"<p>Organis\u00e9e avec l\u2019appui de plusieurs institutions \u2013 dont l\u2019Association Inmaa (Act4Community Jorf Lasfar \u2013 OCP), le Conseil r\u00e9gional des notaires, l\u2019Agence nationale de promotion de l\u2019emploi et des comp\u00e9tences, la Fondation Abdelouahad El Kadiri et le secteur de la coop\u00e9ration nationale \u2013 la rencontre a r\u00e9uni enseignants-chercheurs, experts, \u00e9tudiants et acteurs associatifs.\u00a0\u00a0 <\/p>\n<p>Plac\u00e9e sous le th\u00e8me \u00ab Les personnes en situation de handicap entre valorisation du texte juridique et d\u00e9fi de l\u2019int\u00e9gration \u00bb, la conf\u00e9rence a \u00e9t\u00e9 supervis\u00e9e par les professeurs Ishraq El Idrissi et Walid Touili. Les d\u00e9bats ont mis en lumi\u00e8re le cadre juridique 97.13, consid\u00e9r\u00e9 comme une avanc\u00e9e majeure dans la protection et la promotion des droits des personnes handicap\u00e9es, mais dont l\u2019application reste entrav\u00e9e par des obstacles structurels.\u00a0\u00a0 <\/p>\n<p>Les participants ont relev\u00e9 la foss\u00e9 entre la qualit\u00e9 des textes et leur mise en \u0153uvre effective, citant notamment la faible activation du syst\u00e8me de quotas dans l\u2019emploi, l\u2019insuffisance des am\u00e9nagements d\u2019accessibilit\u00e9 dans les espaces publics et le manque de dispositifs adapt\u00e9s dans les syst\u00e8mes \u00e9ducatif et de formation professionnelle.\u00a0\u00a0 <\/p>\n<p>Trois axes ont structur\u00e9 les discussions :\u00a0\u00a0 <br \/>\u2022\u2060\u00a0 \u2060l\u2019\u00e9valuation du degr\u00e9 de mise en \u0153uvre du cadre juridique 97.13 et des textes r\u00e9glementaires manquants,\u00a0\u00a0 <br \/>\u2022\u2060\u00a0 \u2060le diagnostic des obstacles mat\u00e9riels et sociaux freinant l\u2019int\u00e9gration,\u00a0\u00a0 <br \/>\u2022\u2060\u00a0 \u2060le r\u00f4le des institutions publiques, des collectivit\u00e9s territoriales, de la soci\u00e9t\u00e9 civile et du secteur priv\u00e9 dans l\u2019adoption de politiques inclusives.\u00a0\u00a0 <\/p>\n<p>La rencontre s\u2019est conclue par des recommandations visant \u00e0 transformer l\u2019arsenal juridique en outil concret d\u2019int\u00e9gration et de citoyennet\u00e9 pleine, garantissant autonomie et dignit\u00e9 aux personnes en situation de handicap. Un communiqu\u00e9 final a \u00e9t\u00e9 lu avant l\u2019envoi d\u2019une motion de loyaut\u00e9 au Roi Mohammed VI.\u00a0\u00a0 <br \/>\u00a0<\/p>\n","protected":false},"excerpt":{"rendered":"Organis\u00e9e avec l\u2019appui de plusieurs institutions \u2013 dont l\u2019Association Inmaa (Act4Community Jorf Lasfar \u2013 OCP), le Conseil r\u00e9gional&hellip;\n","protected":false},"author":2,"featured_media":7800,"comment_status":"","ping_status":"","sticky":false,"template":"","format":"standard","meta":{"footnotes":""},"categories":[41],"tags":[554,553,555,556,563,565,560,567,561,557,162,566,564,558,559,158,562,248,239,310,568],"class_list":{"0":"post-7799","1":"post","2":"type-post","3":"status-publish","4":"format-standard","5":"has-post-thumbnail","7":"category-maroc","8":"tag-actualites","9":"tag-actualites-et-infos-au-maroc","10":"tag-actualites-et-infos-mondiale","11":"tag-actualites-marocaines-du-jour","12":"tag-alimentation","13":"tag-analyses","14":"tag-art-de-vivre","15":"tag-chronique","16":"tag-consommation-et-bien-etre","17":"tag-culture","18":"tag-economie","19":"tag-edito","20":"tag-etudes","21":"tag-insolite","22":"tag-loisirs","23":"tag-maroc","24":"tag-mode","25":"tag-politique","26":"tag-societe","27":"tag-sport","28":"tag-tribune"},"share_on_mastodon":{"url":"","error":""},"_links":{"self":[{"href":"https:\/\/www.europesays.com\/africa\/wp-json\/wp\/v2\/posts\/7799","targetHints":{"allow":["GET"]}}],"collection":[{"href":"https:\/\/www.europesays.com\/africa\/wp-json\/wp\/v2\/posts"}],"about":[{"href":"https:\/\/www.europesays.com\/africa\/wp-json\/wp\/v2\/types\/post"}],"author":[{"embeddable":true,"href":"https:\/\/www.europesays.com\/africa\/wp-json\/wp\/v2\/users\/2"}],"replies":[{"embeddable":true,"href":"https:\/\/www.europesays.com\/africa\/wp-json\/wp\/v2\/comments?post=7799"}],"version-history":[{"count":0,"href":"https:\/\/www.europesays.com\/africa\/wp-json\/wp\/v2\/posts\/7799\/revisions"}],"wp:featuredmedia":[{"embeddable":true,"href":"https:\/\/www.europesays.com\/africa\/wp-json\/wp\/v2\/media\/7800"}],"wp:attachment":[{"href":"https:\/\/www.europesays.com\/africa\/wp-json\/wp\/v2\/media?parent=7799"}],"wp:term":[{"taxonomy":"category","embeddable":true,"href":"https:\/\/www.europesays.com\/africa\/wp-json\/wp\/v2\/categories?post=7799"},{"taxonomy":"post_tag","embeddable":true,"href":"https:\/\/www.europesays.com\/africa\/wp-json\/wp\/v2\/tags?post=7799"}],"curies":[{"name":"wp","href":"https:\/\/api.w.org\/{rel}","templated":true}]}}