{"id":7812,"date":"2026-01-06T19:22:42","date_gmt":"2026-01-06T19:22:42","guid":{"rendered":"https:\/\/www.europesays.com\/africa\/7812\/"},"modified":"2026-01-06T19:22:42","modified_gmt":"2026-01-06T19:22:42","slug":"can-le-tableau-complet-des-quarts-de-finale-de-la-coupe-dafrique-des-nations-2025","status":"publish","type":"post","link":"https:\/\/www.europesays.com\/africa\/7812\/","title":{"rendered":"CAN. Le tableau complet des quarts de finale de la Coupe d\u2019Afrique des nations 2025"},"content":{"rendered":"<p>Petit \u00e0 petit, le tableau des quarts de finale de la CAN 2025 prend forme. Le S\u00e9n\u00e9gal est la premi\u00e8re \u00e9quipe \u00e0 avoir d\u00e9croch\u00e9 son billet pour les quarts de finale apr\u00e8s \u00e0 sa victoire (3-1) contre le Soudan ce samedi 3\u00a0janvier.\u00a0Les Lions de la Teranga retrouveront le Mali pour une place dans le dernier carr\u00e9. Face \u00e0 la Tunisie, <a href=\"https:\/\/www.ouest-france.fr\/sport\/football\/coupe-d-afrique-des-nations\/direct\/direct-mali-tunisie-suivez-le-huitieme-de-finale-de-la-can-2025-en-live-a94baed7-879d-4c4b-8488-718437c080af\" target=\"_blank\" rel=\"nofollow noopener\">Les Aigles du Mali ont arrach\u00e9 la qualification aux tirs au but face aux Aigles de Carthage (1-1, tab 3-2)<\/a>. Un premier choc \u00e0 suivre ce vendredi 9\u00a0janvier tandis que ce dimanche 4\u00a0janvier, <a href=\"https:\/\/www.ouest-france.fr\/sport\/football\/coupe-d-afrique-des-nations\/direct\/direct-maroc-tanzanie-suivez-le-8e-de-finale-de-la-can-2025-en-live-915b9d8c-8a33-42a9-a7c5-1d53d139207a\" target=\"_blank\" rel=\"nofollow noopener\">le Maroc a valid\u00e9 son ticket en s\u2019imposant (1-0) face aux valeureux Tanzaniens<\/a>. Les Lions de l\u2019Atlas d\u00e9fieront le Cameroun, vainqueur (1-2) de l\u2019Afrique du Sud.<\/p>\n<p>Pour l\u2019\u00c9gypte, ce fut plus difficile que pr\u00e9vu. Pouss\u00e9s en prolongations par le B\u00e9nin, les Pharaons se sont finalement impos\u00e9s (3-1) face aux Gu\u00e9pards. Aucun probl\u00e8me en revanche pour le Nigeria qui semble monter en puissance depuis le d\u00e9but de la comp\u00e9tition. Les Super Eagles ont surclass\u00e9 (4-0) le Mozambique \u00e0 l\u2019issue d\u2019un match ma\u00eetris\u00e9.<\/p>\n<p>Retrouvez le tableau complet des quarts de finale de la Coupe d\u2019Afrique des nations 2025.<\/p>\n<p>Lire aussi\u00a0: <a data-trk-internal-link=\"a lire aussi\" data-trk-sipa=\"{\" blockcategory=\"\" lire=\"\" aussi=\"\" juste=\"\" deux=\"\" questions=\"\" voyage=\"\" au=\"\" c=\"\" de=\"\" la=\"\" zone=\"\" mixte=\"\" can=\"\" et=\"\" ses=\"\" exc=\"\" href=\"https:\/\/www.ouest-france.fr\/sport\/football\/coupe-d-afrique-des-nations\/reportage-posez-juste-deux-questions-voyage-au-cur-de-la-zone-mixte-de-la-can-2025-et-de-ses-exces-2209f23a-e7f0-11f0-9b78-7c77e15311d5\" rel=\"- nofollow noopener\" target=\"_blank\" ex>REPORTAGE. \u00ab\u00a0Posez juste deux questions\u00a0\u00bb\u00a0: voyage au c\u0153ur de la zone mixte de la CAN 2025 et de ses exc\u00e8s<\/a><\/p>\n<p>        Le tableau des quarts de finale de la CAN 2025<\/p>\n<p>Vendredi 9\u00a0janvier<\/p>\n<p>17\u00a0h\u00a0: Mali &#8211; S\u00e9n\u00e9gal<\/p>\n<p>20\u00a0h\u00a0: Cameroun &#8211; Maroc<\/p>\n<p>Samedi 10\u00a0janvier<\/p>\n<p>17\u00a0h\u00a0: Alg\u00e9rie &#8211; Nigeria<\/p>\n<p>]]><\/p>\n<p>20\u00a0h\u00a0: \u00c9gypte &#8211; C\u00f4te d\u2019Ivoire ou Burkina Faso<\/p>\n","protected":false},"excerpt":{"rendered":"Petit \u00e0 petit, le tableau des quarts de finale de la CAN 2025 prend forme. Le S\u00e9n\u00e9gal est&hellip;\n","protected":false},"author":2,"featured_media":7813,"comment_status":"","ping_status":"","sticky":false,"template":"","format":"standard","meta":{"footnotes":""},"categories":[62],"tags":[4057,64,940,4056,4619,5473,5472,311,310],"class_list":{"0":"post-7812","1":"post","2":"type-post","3":"status-publish","4":"format-standard","5":"has-post-thumbnail","7":"category-afrique","8":"tag-actualite-en-continu","9":"tag-afrique","10":"tag-coupe-dafrique-des-nations","11":"tag-equipe-cameroun-football","12":"tag-equipe-egypte-football","13":"tag-equipe-mali-football","14":"tag-equipe-senegal-football","15":"tag-football","16":"tag-sport"},"share_on_mastodon":{"url":"","error":""},"_links":{"self":[{"href":"https:\/\/www.europesays.com\/africa\/wp-json\/wp\/v2\/posts\/7812","targetHints":{"allow":["GET"]}}],"collection":[{"href":"https:\/\/www.europesays.com\/africa\/wp-json\/wp\/v2\/posts"}],"about":[{"href":"https:\/\/www.europesays.com\/africa\/wp-json\/wp\/v2\/types\/post"}],"author":[{"embeddable":true,"href":"https:\/\/www.europesays.com\/africa\/wp-json\/wp\/v2\/users\/2"}],"replies":[{"embeddable":true,"href":"https:\/\/www.europesays.com\/africa\/wp-json\/wp\/v2\/comments?post=7812"}],"version-history":[{"count":0,"href":"https:\/\/www.europesays.com\/africa\/wp-json\/wp\/v2\/posts\/7812\/revisions"}],"wp:featuredmedia":[{"embeddable":true,"href":"https:\/\/www.europesays.com\/africa\/wp-json\/wp\/v2\/media\/7813"}],"wp:attachment":[{"href":"https:\/\/www.europesays.com\/africa\/wp-json\/wp\/v2\/media?parent=7812"}],"wp:term":[{"taxonomy":"category","embeddable":true,"href":"https:\/\/www.europesays.com\/africa\/wp-json\/wp\/v2\/categories?post=7812"},{"taxonomy":"post_tag","embeddable":true,"href":"https:\/\/www.europesays.com\/africa\/wp-json\/wp\/v2\/tags?post=7812"}],"curies":[{"name":"wp","href":"https:\/\/api.w.org\/{rel}","templated":true}]}}