{"id":786,"date":"2026-01-03T17:05:07","date_gmt":"2026-01-03T17:05:07","guid":{"rendered":"https:\/\/www.europesays.com\/africa\/786\/"},"modified":"2026-01-03T17:05:07","modified_gmt":"2026-01-03T17:05:07","slug":"sale-la-pluie-ne-decourage-pas-les-promeneurs-du-week-end","status":"publish","type":"post","link":"https:\/\/www.europesays.com\/africa\/786\/","title":{"rendered":"Sal\u00e9: la pluie ne d\u00e9courage pas les promeneurs du week-end"},"content":{"rendered":"<p class=\"default__StyledText-sc-10mj2vp-0 CxBBS body-paragraph\">Pr\u00e8s du littoral de Sidi Moussa, les promeneurs, souvent en famille ou accompagn\u00e9s de proches, d\u00e9ambulent le long des rochers, profitant d\u2019une br\u00e8ve accalmie m\u00e9t\u00e9orologique et de la douceur de l\u2019air, dans une atmosph\u00e8re conviviale et d\u00e9tendue.<\/p>\n<p class=\"default__StyledText-sc-10mj2vp-0 CxBBS body-paragraph\">Sur place, plusieurs habitants de Sal\u00e9 expliquent leur attachement au bord de mer, m\u00eame en p\u00e9riode de pluie. \u00abNous aimons venir ici observer la mer et savourer le charme de ce temps\u00bb, confie l\u2019un d\u2019eux, \u00e9voquant un v\u00e9ritable rituel urbain empreint de s\u00e9r\u00e9nit\u00e9.<\/p>\n<p class=\"default__StyledText-sc-10mj2vp-0 CxBBS body-paragraph\">Interrog\u00e9 sur l\u2019\u00e9volution de la ville, le m\u00eame habitant exprime le souhait de voir davantage d\u2019efforts engag\u00e9s par les autorit\u00e9s locales pour renforcer la modernisation de Sal\u00e9 et hisser la cit\u00e9 au rang des villes les plus structur\u00e9es et attractives du Royaume.<\/p>\n<p class=\"default__StyledText-sc-10mj2vp-0 CxBBS body-paragraph\">\u00c0 l\u2019int\u00e9rieur des murailles, notre \u00e9quipe a pu constater l\u2019avancement progressif des travaux de r\u00e9am\u00e9nagement de la plage. Dans ce cadre, le march\u00e9 traditionnel de poissons a \u00e9t\u00e9 transf\u00e9r\u00e9 vers le petit port, \u00e0 l\u2019abri des zones de fr\u00e9quentation touristique, afin d\u2019am\u00e9liorer l\u2019organisation des activit\u00e9s halieutiques et de revaloriser l\u2019espace public.<\/p>\n<p class=\"interstitial-link block-margin-bottom\">Lire aussi : <a href=\"https:\/\/fr.le360.ma\/societe\/patrimoine-immersion-dans-la-medina-de-sale-le-plus-grand-quartier-fortifie-du-maroc_BT7G3YLVQVGUNIFJ6OQAG7W544\/\" aria-label=\"Ouvrir un article associ\u00e9\" class=\"default__StyledLink-sc-10mj2vp-1 kkYPzd\" rel=\"nofollow noopener\" target=\"_blank\">Patrimoine: immersion dans la m\u00e9dina de Sal\u00e9, le plus grand quartier fortifi\u00e9 du Maroc<\/a><\/p>\n<p class=\"default__StyledText-sc-10mj2vp-0 CxBBS body-paragraph\">Ville au riche h\u00e9ritage historique, Sal\u00e9 trouve ses origines dans l\u2019Antiquit\u00e9 et \u00e9tait mentionn\u00e9e par les Romains sous le nom de Sala Colonia. Son essor s\u2019acc\u00e9l\u00e8re d\u00e8s le 11\u00e8me si\u00e8cle sous les Ifr\u00e9nides, avant de conna\u00eetre une p\u00e9riode de prosp\u00e9rit\u00e9 sous les dynasties almohade et m\u00e9rinide, lorsque son port devient un centre n\u00e9vralgique du commerce maritime et de la construction navale.<\/p>\n<p class=\"default__StyledText-sc-10mj2vp-0 CxBBS body-paragraph\">Au 17\u00e8me si\u00e8cle, la cit\u00e9 s\u2019illustre notamment par ses corsaires \u2014 les c\u00e9l\u00e8bres Sallee Rovers \u2014 inscrivant durablement son nom dans l\u2019histoire maritime de la r\u00e9gion.<\/p>\n<p class=\"interstitial-link block-margin-bottom\">Lire aussi : <a href=\"https:\/\/fr.le360.ma\/societe\/aid-al-mawlid-sale-a-celebre-ce-jeudi-la-procession-des-cierges_RX3YBY3X4FFXRGO6U6AVMI3BPU\/\" aria-label=\"Ouvrir un article associ\u00e9\" class=\"default__StyledLink-sc-10mj2vp-1 kkYPzd\" rel=\"nofollow noopener\" target=\"_blank\">A\u00efd Al-Mawlid: Sal\u00e9 a c\u00e9l\u00e8br\u00e9 ce jeudi la procession des cierges<\/a><\/p>\n<p class=\"default__StyledText-sc-10mj2vp-0 CxBBS body-paragraph\">Le d\u00e9clin de la ville d\u00e9bute au 18\u00e8me si\u00e8cle, \u00e0 la suite d\u2019un tsunami ayant modifi\u00e9 le cours du Bouregreg. Malgr\u00e9 cet \u00e9pisode, Sal\u00e9 demeure un important foyer culturel et un bastion de r\u00e9sistance durant la p\u00e9riode coloniale, conservant jusqu\u2019\u00e0 aujourd\u2019hui une identit\u00e9 urbaine singuli\u00e8re, profond\u00e9ment ancr\u00e9e dans la m\u00e9moire collective. <\/p>\n<p>Par <a class=\"article-main-information-credits-bold href\" href=\"https:\/\/fr.le360.ma\/auteur\/mohamed-chakir-alaoui\" rel=\"nofollow noopener\" target=\"_blank\">Mohamed Chakir Alaoui<\/a> et Yassine Mennan<\/p>\n<p>Le 03\/01\/2026 \u00e0 16h11<\/p>\n","protected":false},"excerpt":{"rendered":"Pr\u00e8s du littoral de Sidi Moussa, les promeneurs, souvent en famille ou accompagn\u00e9s de proches, d\u00e9ambulent le long&hellip;\n","protected":false},"author":2,"featured_media":787,"comment_status":"","ping_status":"","sticky":false,"template":"","format":"standard","meta":{"footnotes":""},"categories":[41],"tags":[1069,1070,158,393,1068,395],"class_list":{"0":"post-786","1":"post","2":"type-post","3":"status-publish","4":"format-standard","5":"has-post-thumbnail","7":"category-maroc","8":"tag-atlantique","9":"tag-histoire-du-maroc","10":"tag-maroc","11":"tag-pluies","12":"tag-sale","13":"tag-tourisme-interne"},"share_on_mastodon":{"url":"","error":""},"_links":{"self":[{"href":"https:\/\/www.europesays.com\/africa\/wp-json\/wp\/v2\/posts\/786","targetHints":{"allow":["GET"]}}],"collection":[{"href":"https:\/\/www.europesays.com\/africa\/wp-json\/wp\/v2\/posts"}],"about":[{"href":"https:\/\/www.europesays.com\/africa\/wp-json\/wp\/v2\/types\/post"}],"author":[{"embeddable":true,"href":"https:\/\/www.europesays.com\/africa\/wp-json\/wp\/v2\/users\/2"}],"replies":[{"embeddable":true,"href":"https:\/\/www.europesays.com\/africa\/wp-json\/wp\/v2\/comments?post=786"}],"version-history":[{"count":0,"href":"https:\/\/www.europesays.com\/africa\/wp-json\/wp\/v2\/posts\/786\/revisions"}],"wp:featuredmedia":[{"embeddable":true,"href":"https:\/\/www.europesays.com\/africa\/wp-json\/wp\/v2\/media\/787"}],"wp:attachment":[{"href":"https:\/\/www.europesays.com\/africa\/wp-json\/wp\/v2\/media?parent=786"}],"wp:term":[{"taxonomy":"category","embeddable":true,"href":"https:\/\/www.europesays.com\/africa\/wp-json\/wp\/v2\/categories?post=786"},{"taxonomy":"post_tag","embeddable":true,"href":"https:\/\/www.europesays.com\/africa\/wp-json\/wp\/v2\/tags?post=786"}],"curies":[{"name":"wp","href":"https:\/\/api.w.org\/{rel}","templated":true}]}}