{"id":7885,"date":"2026-01-06T20:11:33","date_gmt":"2026-01-06T20:11:33","guid":{"rendered":"https:\/\/www.europesays.com\/africa\/7885\/"},"modified":"2026-01-06T20:11:33","modified_gmt":"2026-01-06T20:11:33","slug":"can-2025-le-senegal-lautre-favori-se-lance-dans-le-grand-bain-face-au-botswana","status":"publish","type":"post","link":"https:\/\/www.europesays.com\/africa\/7885\/","title":{"rendered":"CAN 2025 : le S\u00e9n\u00e9gal, l&#8217;autre favori, se lance dans le grand bain face au Botswana"},"content":{"rendered":"<p>Deux jours apr\u00e8s le Maroc, pays organisateur de la <a href=\"https:\/\/www.france24.com\/fr\/dossier\/can\/\" target=\"_self\" rel=\"nofollow noopener\">CAN 2025<\/a>, c&#8217;est au tour de l&#8217;autre favori, le S\u00e9n\u00e9gal, de lancer sa comp\u00e9tition face au <a href=\"https:\/\/www.france24.com\/fr\/tag\/botswana\/\" target=\"_self\" class=\"gtm-add-suggested-tag\" rel=\"nofollow noopener\">Botswana<\/a> dans le <a href=\"https:\/\/www.france24.com\/fr\/dossier\/can\/phase-de-groupes\/groupe-d\/\" target=\"_self\" rel=\"nofollow noopener\">groupe D<\/a>, mardi 23 d\u00e9cembre, \u00e0 Tanger.<\/p>\n<p>Dans\u00a0<a href=\"https:\/\/www.france24.com\/fr\/sports\/20251127-groupe-d-can-2025-senegal-rd-congo-benn-botswana-analyse-favoris\" target=\"_self\" rel=\"nofollow noopener\">la poule des fauves<\/a>, les Lions de la Teranga vont avoir \u00e0 c\u0153ur de bien d\u00e9buter face aux Z\u00e8bres pour leur entr\u00e9e en lice dans cette Coupe d&#8217;Afrique, m\u00eame si les esprits des joueurs ont \u00e9t\u00e9 quelque peu occup\u00e9s par <a href=\"https:\/\/www.france24.com\/fr\/sports\/20251205-mondial-2026-tirage-au-sort-afrique-maroc-s\u00e9n\u00e9gal-alg\u00e9rie-quelles-sont-leurs-chances\" target=\"_self\" rel=\"nofollow noopener\">le tirage au sort du Mondial 2026<\/a> derni\u00e8rement.<\/p>\n<p>Le S\u00e9n\u00e9gal y affrontera l&#8217;\u00e9quipe de France, une affiche qui\u00a0a fait tourner quelques t\u00eates. Dix joueurs du <a href=\"https:\/\/www.france24.com\/fr\/sports\/20251213-can-2025-liste-sengal-mane-koulibaly-mbaye\" target=\"_self\" rel=\"nofollow noopener\">groupe compos\u00e9 par Pape Thiaw<\/a>, le nouveau s\u00e9lectionneur qui a pris la succession d&#8217;Aliou Ciss\u00e9 il y a un an, \u00e9voluent en Ligue 1 et sept autres sont d\u00e9j\u00e0 pass\u00e9s par le championnat fran\u00e7ais.<\/p>\n<p class=\"a-read-more\">\u00c0 lire aussi<a href=\"https:\/\/www.france24.com\/fr\/sports\/20251222-can-2025-mali-zambie-arrache-nul\" target=\"_self\" class=\"a-read-more__link\" rel=\"nofollow noopener\">CAN 2025 : tenu en \u00e9chec par la Zambie, le Mali peut avoir des regrets<\/a><\/p>\n<p>&#8220;C&#8217;est vrai qu&#8217;il y a eu beaucoup d&#8217;euphorie autour de \u00e7a, c&#8217;est pour \u00e7a que j&#8217;ai laiss\u00e9 trois, quatre jours aux joueurs pour le vivre&#8221;, a confi\u00e9 lundi Kalidou Koulibaly, le capitaine s\u00e9n\u00e9galais qui entame sa cinqui\u00e8me CAN au Maroc. &#8220;Mais apr\u00e8s ces quatre jours, je leur ai demand\u00e9 de rester focus sur la Coupe d&#8217;Afrique. C&#8217;est une des meilleures voire la plus belle comp\u00e9tition au monde.&#8221;<\/p>\n<p> &#8220;Nous faisons partie des favoris et nous l&#8217;assumons&#8221; <\/p>\n<p>Avant de r\u00eaver d&#8217;imiter leurs a\u00een\u00e9s qui avaient fait tomber la France championne du monde lors du Mondial 2002, il y a une autre comp\u00e9tition \u00e0 jouer et un titre \u00e0 aller chercher au Maroc.<\/p>\n<p>&#8220;Nous faisons partie des favoris et nous l&#8217;assumons&#8221;, a pos\u00e9 Pape Thiaw mi-d\u00e9cembre en d\u00e9voilant la composition de son groupe.<\/p>\n<p>&#8220;Je sais ce que c&#8217;est de gagner une Coupe d&#8217;Afrique, je sais ce que c&#8217;est de jouer une Coupe du monde, et je n&#8217;\u00e9changerai jamais une qualification \u00e0 la Coupe du monde contre gagner une Coupe d&#8217;Afrique&#8221;, a prolong\u00e9 lundi son capitaine.<\/p>\n<p class=\"a-read-more\">\u00c0 lire aussi<a href=\"https:\/\/www.france24.com\/fr\/\u00e9missions\/sports\/20251222-can-2025-le-maroc-bat-les-comores-et-lance-parfaitement-sa-comp\u00e9tition\" target=\"_self\" class=\"a-read-more__link\" rel=\"nofollow noopener\">CAN 2025\u00a0: le Maroc bat les Comores et lance parfaitement sa comp\u00e9tition<\/a><\/p>\n<p>Kalidou Koulibaly incarne\u00a0cette s\u00e9lection version Thiaw qui m\u00eale cadres aguerris, comme le c\u00e9l\u00e8bre meneur de jeu Sadio Man\u00e9, et rel\u00e8ve prometteuse, \u00e0 l&#8217;image des joueurs du PSG Ibrahim Mbaye, 17 ans, et de l&#8217;AS Monaco Lamine Camara, 21 ans.<\/p>\n<p> &#8220;Conqu\u00e9rir une deuxi\u00e8me \u00e9toile&#8221; <\/p>\n<p>Cet amalgame de talents ne sera pas de trop pour relancer des Lions de la Teranga revanchards dans la Coupe d&#8217;Afrique des nations. Alors qu&#8217;ils avaient soulev\u00e9 le troph\u00e9e en \u00c9gypte, en 2002, les S\u00e9n\u00e9galais ont \u00e9t\u00e9 \u00e9limin\u00e9s d\u00e8s les 8es de finale lors de la derni\u00e8re \u00e9dition en C\u00f4te d&#8217;Ivoire.<\/p>\n<p>Cette fois, l&#8217;ambition est \u00e9lev\u00e9e pour la deuxi\u00e8me nation africaine au classement mondial de la Fifa (19e) derri\u00e8re les Lions de l&#8217;Atlas.<\/p>\n<p>&#8220;Vous partez au Maroc \u00e0 la qu\u00eate d&#8217;un nouveau titre continental. Pour cette CAN, notre objectif est sans ambigu\u00eft\u00e9 de conqu\u00e9rir une deuxi\u00e8me \u00e9toile&#8221;, a exhort\u00e9 le pr\u00e9sident Bassirou Diomaye Faye en accueillant les joueurs au palais pr\u00e9sidentiel \u00e0 Dakar, deux jours avant leur d\u00e9part pour Tanger, leur camp de base au Maroc.<\/p>\n<p class=\"a-read-more\">\u00c0 lire aussi<a href=\"https:\/\/www.france24.com\/fr\/sports\/20251024-calendrier-horaires-affiches-programme-can-2025-maroc\" target=\"_self\" class=\"a-read-more__link\" rel=\"nofollow noopener\">Calendrier, horaires, affiches et r\u00e9sultats : tout savoir sur la CAN 2025 au Maroc<\/a><\/p>\n<p>Une attente que partage tout un peuple, comme l&#8217;atteste la derni\u00e8re s\u00e9ance d&#8217;entra\u00eenement du S\u00e9n\u00e9gal au stade de L\u00e9opold-S\u00e9dar Senghor, qui a r\u00e9uni pr\u00e8s de 60\u00a0000 personnes.\u00a0&#8220;C&#8217;\u00e9tait quelque chose d&#8217;indescriptible, (&#8230;), c&#8217;\u00e9tait quelque chose d&#8217;inoubliable pour nous&#8221;, a soulign\u00e9 Kalidou Koulibaly.<\/p>\n<p>&#8220;C&#8217;est quelque chose que j&#8217;avais senti en 2022 quand on est revenu avec cette coupe l\u00e0 dans notre pays. C&#8217;est quelque chose que j&#8217;ai envie de ressentir encore un soir de 18 janvier, 19 janvier, quand on rentrera au pays&#8221;, a poursuivi l&#8217;ancien d\u00e9fenseur de Naples d\u00e9sormais \u00e0 Al-Hilal, dans le championnat saoudien.<\/p>\n<p class=\"a-em-title\">Classement du groupe D<\/p>\n<p class=\"o-em-consent__content__text\">Pour afficher ce contenu Enetpulse, il est n\u00e9cessaire d&#8217;autoriser les cookies de mesure d&#8217;audience et de publicit\u00e9.<\/p>\n<p>        Accepter<br \/>\n        G\u00e9rer mes choix<\/p>\n<p>Avec AFP<\/p>\n","protected":false},"excerpt":{"rendered":"Deux jours apr\u00e8s le Maroc, pays organisateur de la CAN 2025, c&#8217;est au tour de l&#8217;autre favori, le&hellip;\n","protected":false},"author":2,"featured_media":7886,"comment_status":"","ping_status":"","sticky":false,"template":"","format":"standard","meta":{"footnotes":""},"categories":[48],"tags":[4286,179,311,159,264],"class_list":{"0":"post-7885","1":"post","2":"type-post","3":"status-publish","4":"format-standard","5":"has-post-thumbnail","7":"category-senegal","8":"tag-botswana","9":"tag-can-2025","10":"tag-football","11":"tag-senegal","12":"tag-sports"},"share_on_mastodon":{"url":"","error":""},"_links":{"self":[{"href":"https:\/\/www.europesays.com\/africa\/wp-json\/wp\/v2\/posts\/7885","targetHints":{"allow":["GET"]}}],"collection":[{"href":"https:\/\/www.europesays.com\/africa\/wp-json\/wp\/v2\/posts"}],"about":[{"href":"https:\/\/www.europesays.com\/africa\/wp-json\/wp\/v2\/types\/post"}],"author":[{"embeddable":true,"href":"https:\/\/www.europesays.com\/africa\/wp-json\/wp\/v2\/users\/2"}],"replies":[{"embeddable":true,"href":"https:\/\/www.europesays.com\/africa\/wp-json\/wp\/v2\/comments?post=7885"}],"version-history":[{"count":0,"href":"https:\/\/www.europesays.com\/africa\/wp-json\/wp\/v2\/posts\/7885\/revisions"}],"wp:featuredmedia":[{"embeddable":true,"href":"https:\/\/www.europesays.com\/africa\/wp-json\/wp\/v2\/media\/7886"}],"wp:attachment":[{"href":"https:\/\/www.europesays.com\/africa\/wp-json\/wp\/v2\/media?parent=7885"}],"wp:term":[{"taxonomy":"category","embeddable":true,"href":"https:\/\/www.europesays.com\/africa\/wp-json\/wp\/v2\/categories?post=7885"},{"taxonomy":"post_tag","embeddable":true,"href":"https:\/\/www.europesays.com\/africa\/wp-json\/wp\/v2\/tags?post=7885"}],"curies":[{"name":"wp","href":"https:\/\/api.w.org\/{rel}","templated":true}]}}