{"id":7910,"date":"2026-01-06T20:26:08","date_gmt":"2026-01-06T20:26:08","guid":{"rendered":"https:\/\/www.europesays.com\/africa\/7910\/"},"modified":"2026-01-06T20:26:08","modified_gmt":"2026-01-06T20:26:08","slug":"six-elus-locaux-juges-pour-appel-a-la-violence-12-millions-damende-et-2-mois-avec-sursis","status":"publish","type":"post","link":"https:\/\/www.europesays.com\/africa\/7910\/","title":{"rendered":"six \u00e9lus locaux jug\u00e9s pour appel \u00e0 la violence, 12 millions d\u2019amende et 2 mois avec sursis"},"content":{"rendered":"<p>Le tribunal a rendu son verdict dans l\u2019affaire impliquant six \u00e9lus locaux de Saly, poursuivis \u00e0 la suite de violents incidents sur fond de litige foncier avec la Soci\u00e9t\u00e9 d\u2019Am\u00e9nagement et de Promotion Touristique du S\u00e9n\u00e9gal (SAPCO).<\/p>\n<p>\u00a0<\/p>\n<p>Les pr\u00e9venus, Penda Seck, Babacar Gu\u00e8ye, Ibrahima Djigal, Ndongo Fall (pr\u00e9sident de la zone 7C de Saly), Famara Dioly San\u00e9 et B\u00e9caye Dieng, \u00e9taient poursuivis pour incitation \u00e0 la participation \u00e0 une manifestation non autoris\u00e9e, troubles \u00e0 l\u2019ordre public, vandalisme et destruction de biens appartenant \u00e0 autrui.<\/p>\n<p>\u00a0<\/p>\n<p>Selon les d\u00e9bats d\u2019audience, l\u2019affaire trouve son origine dans un diff\u00e9rend foncier portant sur trois hectares de terres, dont les mis en cause estiment avoir \u00e9t\u00e9 spoli\u00e9s. Ce conflit qui les oppose \u00e0 la SAPCO, a donn\u00e9 lieu \u00e0 de multiples appels \u00e0 la mobilisation sur les r\u00e9seaux sociaux, \u00e0 travers des messages audios jug\u00e9s incendiaires par la partie civile.<\/p>\n<p>\u00a0<\/p>\n<p>\u00a0<\/p>\n<p>Les trois hectares litigieux avaient \u00e9t\u00e9 mis \u00e0 la disposition de Dame Fall pour l\u2019organisation d\u2019une foire. Apr\u00e8s l\u2019installation du mat\u00e9riel, le site a \u00e9t\u00e9 saccag\u00e9 par un groupe d\u2019individus, entra\u00eenant une mont\u00e9e de tension dans la zone. Des affrontements ont alors \u00e9clat\u00e9 entre les forces de d\u00e9fense et de s\u00e9curit\u00e9 et des populations, aggravant la situation s\u00e9curitaire \u00e0 Saly.<\/p>\n<p>\u00a0<\/p>\n<p>\u00a0<\/p>\n<p>\u00a0<\/p>\n<p>\u00c0 la barre, les pr\u00e9venus ont adopt\u00e9 des positions contrast\u00e9es.<\/p>\n<p>Penda Seck et Famara Dioly San\u00e9 ont reconnu avoir tenu des propos appelant \u00e0 aller saccager les installations.<\/p>\n<p>Ibrahima Djigal et Babacar Gu\u00e8ye ont admis avoir demand\u00e9 aux populations d\u2019envahir le site, tout en niant toute incitation directe aux saccages.<\/p>\n<p>De son c\u00f4t\u00e9, Ndongo Fall a contest\u00e9 toute implication dans les appels \u00e0 la violence.<\/p>\n<p>Les d\u00e9bats ont \u00e9galement \u00e9voqu\u00e9 un projet d\u2019incendie de l\u2019h\u00f4tel Savana, un site appartenant \u00e0 l\u2019\u00c9tat du S\u00e9n\u00e9gal, un \u00e9l\u00e9ment jug\u00e9 particuli\u00e8rement grave par la partie civile.<\/p>\n<p>\u00a0<\/p>\n<p>\u00a0<\/p>\n<p>Apr\u00e8s d\u00e9lib\u00e9r\u00e9, le tribunal a finalement d\u00e9clar\u00e9 les six \u00e9lus coupables, les condamnant \u00e0 deux mois de prison avec sursis assortis d\u2019une amende de 12 millions de francs CFA. Une d\u00e9cision judiciaire qui vient clore, au moins sur le plan p\u00e9nal, une affaire ayant fortement secou\u00e9 la commune de Saly et raviv\u00e9 les tensions autour de la gestion du foncier.<\/p>\n","protected":false},"excerpt":{"rendered":"Le tribunal a rendu son verdict dans l\u2019affaire impliquant six \u00e9lus locaux de Saly, poursuivis \u00e0 la suite&hellip;\n","protected":false},"author":2,"featured_media":7911,"comment_status":"","ping_status":"","sticky":false,"template":"","format":"standard","meta":{"footnotes":""},"categories":[48],"tags":[64,274,279,273,277,278,271,281,283,272,280,276,275,159,282],"class_list":{"0":"post-7910","1":"post","2":"type-post","3":"status-publish","4":"format-standard","5":"has-post-thumbnail","7":"category-senegal","8":"tag-afrique","9":"tag-aliou-cisse","10":"tag-amadou-ba","11":"tag-apr","12":"tag-bassirou-diomaye-faye","13":"tag-bathelemy-dias","14":"tag-dakar","15":"tag-el-malick-ndiaye","16":"tag-guy-marius-sagna","17":"tag-macky-sall","18":"tag-madiambal-diagne","19":"tag-ousmane-sonko","20":"tag-pastef","21":"tag-senegal","22":"tag-ziguinchor"},"share_on_mastodon":{"url":"","error":""},"_links":{"self":[{"href":"https:\/\/www.europesays.com\/africa\/wp-json\/wp\/v2\/posts\/7910","targetHints":{"allow":["GET"]}}],"collection":[{"href":"https:\/\/www.europesays.com\/africa\/wp-json\/wp\/v2\/posts"}],"about":[{"href":"https:\/\/www.europesays.com\/africa\/wp-json\/wp\/v2\/types\/post"}],"author":[{"embeddable":true,"href":"https:\/\/www.europesays.com\/africa\/wp-json\/wp\/v2\/users\/2"}],"replies":[{"embeddable":true,"href":"https:\/\/www.europesays.com\/africa\/wp-json\/wp\/v2\/comments?post=7910"}],"version-history":[{"count":0,"href":"https:\/\/www.europesays.com\/africa\/wp-json\/wp\/v2\/posts\/7910\/revisions"}],"wp:featuredmedia":[{"embeddable":true,"href":"https:\/\/www.europesays.com\/africa\/wp-json\/wp\/v2\/media\/7911"}],"wp:attachment":[{"href":"https:\/\/www.europesays.com\/africa\/wp-json\/wp\/v2\/media?parent=7910"}],"wp:term":[{"taxonomy":"category","embeddable":true,"href":"https:\/\/www.europesays.com\/africa\/wp-json\/wp\/v2\/categories?post=7910"},{"taxonomy":"post_tag","embeddable":true,"href":"https:\/\/www.europesays.com\/africa\/wp-json\/wp\/v2\/tags?post=7910"}],"curies":[{"name":"wp","href":"https:\/\/api.w.org\/{rel}","templated":true}]}}