{"id":7939,"date":"2026-01-06T20:42:06","date_gmt":"2026-01-06T20:42:06","guid":{"rendered":"https:\/\/www.europesays.com\/africa\/7939\/"},"modified":"2026-01-06T20:42:06","modified_gmt":"2026-01-06T20:42:06","slug":"baisse-des-frais-denviron-3-000-dh","status":"publish","type":"post","link":"https:\/\/www.europesays.com\/africa\/7939\/","title":{"rendered":"Baisse des frais d&#8217;environ 3.000 DH"},"content":{"rendered":"<p>En r\u00e9ponse \u00e0 une question autour de \u00ab\u00a0la r\u00e9duction des frais du Hajj\u00a0\u00bb, pr\u00e9sent\u00e9e par le Groupe Authenticit\u00e9 et Modernit\u00e9, M. Toufiq a relev\u00e9 que la Commission Royale charg\u00e9e du p\u00e8lerinage a fix\u00e9, cette ann\u00e9e, un montant forfaitaire de 65.000 DH pour l\u2019organisation officielle, ajoutant que le co\u00fbt final s\u2019est \u00e9tabli \u00e0 63.770,50 DH au lieu de 66.865 DH lors de la saison 1445H.<\/p>\n<p>Tout en rappelant que la Commission Royale charg\u00e9e du p\u00e8lerinage est l\u2019instance charg\u00e9e du suivi de la saison du Hajj, aux c\u00f4t\u00e9s d\u2019une commission minist\u00e9rielle multipartite charg\u00e9e du suivi du co\u00fbt du Hajj au Maroc et dans les Lieux saints, le ministre a expliqu\u00e9 que la composition du co\u00fbt de l\u2019accomplissement du Hajj d\u00e9pend d\u2019un ensemble d\u2019\u00e9l\u00e9ments essentiels, notamment le billet de voyage, l\u2019h\u00e9bergement \u00e0 La Mecque et \u00e0 M\u00e9dine, la restauration (petits-d\u00e9jeuners et d\u00e9jeuners) durant toute la p\u00e9riode du s\u00e9jour, le transport entre les villes et les lieux des rites, le transport des bagages, les services de base et suppl\u00e9mentaires, ainsi que les frais d\u2019assurance et de visa.<\/p>\n<p>Ces \u00e9l\u00e9ments, a-t-il dit, comprennent \u00e9galement la taxe sur la valeur ajout\u00e9e (TVA) de 15% impos\u00e9e par les autorit\u00e9s saoudiennes, les frais d\u2019encadrement et les commissions des services du Barid Bank, ainsi que le taux de change appliqu\u00e9 aux op\u00e9rations concern\u00e9es, notant que ce dernier constitue un \u00e9l\u00e9ment essentiel dans la d\u00e9termination du co\u00fbt, \u00e9tant fix\u00e9 \u00e0 chaque saison par Bank Al-Maghrib.<\/p>\n<p>\u00c0 cet \u00e9gard, le ministre a rappel\u00e9 qu\u2019une coordination pr\u00e9coce a \u00e9t\u00e9 men\u00e9e avec Bank Al-Maghrib durant la saison 1446H, ayant abouti \u00e0 l\u2019adoption d\u2019un taux de change pr\u00e9f\u00e9rentiel, le riyal saoudien \u00e9tant fix\u00e9 \u00e0 2,6118 DH, pr\u00e9cisant qu\u2019il s\u2019agit d\u2019un taux inf\u00e9rieur \u00e0 celui retenu lors de la saison pr\u00e9c\u00e9dente, ce qui a contribu\u00e9 directement \u00e0 la baisse du co\u00fbt du p\u00e8lerinage.<\/p>\n<p>\u00a0<\/p>\n","protected":false},"excerpt":{"rendered":"En r\u00e9ponse \u00e0 une question autour de \u00ab\u00a0la r\u00e9duction des frais du Hajj\u00a0\u00bb, pr\u00e9sent\u00e9e par le Groupe Authenticit\u00e9&hellip;\n","protected":false},"author":2,"featured_media":7940,"comment_status":"","ping_status":"","sticky":false,"template":"","format":"standard","meta":{"footnotes":""},"categories":[41],"tags":[3869,3874,3873,3870,3872,158,3871],"class_list":{"0":"post-7939","1":"post","2":"type-post","3":"status-publish","4":"format-standard","5":"has-post-thumbnail","7":"category-maroc","8":"tag-actualite-maroc","9":"tag-akhbar","10":"tag-journal","11":"tag-journal-maroc","12":"tag-lavieeco","13":"tag-maroc","14":"tag-press-maroc"},"share_on_mastodon":{"url":"","error":""},"_links":{"self":[{"href":"https:\/\/www.europesays.com\/africa\/wp-json\/wp\/v2\/posts\/7939","targetHints":{"allow":["GET"]}}],"collection":[{"href":"https:\/\/www.europesays.com\/africa\/wp-json\/wp\/v2\/posts"}],"about":[{"href":"https:\/\/www.europesays.com\/africa\/wp-json\/wp\/v2\/types\/post"}],"author":[{"embeddable":true,"href":"https:\/\/www.europesays.com\/africa\/wp-json\/wp\/v2\/users\/2"}],"replies":[{"embeddable":true,"href":"https:\/\/www.europesays.com\/africa\/wp-json\/wp\/v2\/comments?post=7939"}],"version-history":[{"count":0,"href":"https:\/\/www.europesays.com\/africa\/wp-json\/wp\/v2\/posts\/7939\/revisions"}],"wp:featuredmedia":[{"embeddable":true,"href":"https:\/\/www.europesays.com\/africa\/wp-json\/wp\/v2\/media\/7940"}],"wp:attachment":[{"href":"https:\/\/www.europesays.com\/africa\/wp-json\/wp\/v2\/media?parent=7939"}],"wp:term":[{"taxonomy":"category","embeddable":true,"href":"https:\/\/www.europesays.com\/africa\/wp-json\/wp\/v2\/categories?post=7939"},{"taxonomy":"post_tag","embeddable":true,"href":"https:\/\/www.europesays.com\/africa\/wp-json\/wp\/v2\/tags?post=7939"}],"curies":[{"name":"wp","href":"https:\/\/api.w.org\/{rel}","templated":true}]}}