{"id":7958,"date":"2026-01-06T20:55:06","date_gmt":"2026-01-06T20:55:06","guid":{"rendered":"https:\/\/www.europesays.com\/africa\/7958\/"},"modified":"2026-01-06T20:55:06","modified_gmt":"2026-01-06T20:55:06","slug":"15-interpelles-dont-bineta-mecanicien-apres-une-bagarre-liee-a-une-affaire-de-drogue","status":"publish","type":"post","link":"https:\/\/www.europesays.com\/africa\/7958\/","title":{"rendered":"15 interpell\u00e9s, dont \u00ab\u00a0Bineta M\u00e9canicien\u00a0\u00bb apr\u00e8s une bagarre li\u00e9e \u00e0 une affaire de drogue"},"content":{"rendered":"<p class=\"firstp\">C\u2019est un coup de filet exceptionnel qu\u2019a r\u00e9alis\u00e9 la Brigade territoriale de <a href=\"https:\/\/www.senenews.com\/actualites\/keur-massar-la-jps-se-desolidarise-dune-affiche-annoncant-une-declaration-importante_571256.html\" rel=\"nofollow noopener\" target=\"_blank\">Keur Massar<\/a> qui a proc\u00e9d\u00e9 \u00e0 l\u2019arrestation de 15 personnes, soup\u00e7onn\u00e9es d\u2019association de malfaiteurs, d\u00e9tournement et incitation de mineurs \u00e0 la d\u00e9bauche, actes contre nature, d\u00e9tention d\u2019armes blanches, violences, escroquerie et mise en danger de la vie d\u2019autrui. Tous ont \u00e9t\u00e9 pr\u00e9sent\u00e9s au procureur Saliou Dicko, chef du parquet de Pikine-Gu\u00e9diawaye.<\/p>\n<p>Selon l\u2019enqu\u00eate, un groupe de jeunes, dont des mineurs, avait lou\u00e9 un appartement meubl\u00e9 au quartier Diaksao pour se retrouver en toute intimit\u00e9. La location avait \u00e9t\u00e9 effectu\u00e9e par M. Ndiaye, \u00e2g\u00e9e de 21 ans, pour un montant de 40.000 FCFA par jour. Quelques heures apr\u00e8s l\u2019arriv\u00e9e des premiers occupants, une commande de drogue a \u00e9t\u00e9 pass\u00e9e via un t\u00e9l\u00e9phone, mais le produit livr\u00e9 s\u2019est av\u00e9r\u00e9 \u00eatre du bicarbonate de soude, selon Seneweb qui donne l\u2019information.\n<\/p>\n<p>Une confrontation a alors \u00e9clat\u00e9 lorsque le livreur pr\u00e9sum\u00e9, accompagn\u00e9 d\u2019un ami arm\u00e9 de couteaux, s\u2019est rendu \u00e0 l\u2019appartement pour r\u00e9clamer le paiement. Les violences ont \u00e9t\u00e9 rapidement signal\u00e9es aux gendarmes de Keur Massar, intervenus sur place le vendredi 2 janvier 2026 vers 16h. L\u2019un des suspects, surnomm\u00e9 Tiak-Tiak, a pris la fuite.\n<\/p>\n<p>Les 15 personnes arr\u00eat\u00e9es comprennent \u00e9tudiants, \u00e9l\u00e8ves et professionnels r\u00e9sidant \u00e0 Keur Massar, Rufisque, Yeumbeul, M\u00e9dina et Geule Tap\u00e9e. L\u2019enqu\u00eate a \u00e9galement r\u00e9v\u00e9l\u00e9 des manquements dans la gestion de l\u2019appartement meubl\u00e9, exploit\u00e9 sans autorisation.<\/p>\n<p>Tous les mis en cause ont \u00e9t\u00e9 d\u00e9f\u00e9r\u00e9s au parquet, tandis que les investigations se poursuivent pour d\u00e9terminer les responsabilit\u00e9s exactes et retrouver le fugitif.<\/p>\n","protected":false},"excerpt":{"rendered":"C\u2019est un coup de filet exceptionnel qu\u2019a r\u00e9alis\u00e9 la Brigade territoriale de Keur Massar qui a proc\u00e9d\u00e9 \u00e0&hellip;\n","protected":false},"author":2,"featured_media":7959,"comment_status":"","ping_status":"","sticky":false,"template":"","format":"standard","meta":{"footnotes":""},"categories":[48],"tags":[5563,3819,5564,159,163,239],"class_list":{"0":"post-7958","1":"post","2":"type-post","3":"status-publish","4":"format-standard","5":"has-post-thumbnail","7":"category-senegal","8":"tag-bineta-mecanicien","9":"tag-drogue","10":"tag-keur-massar","11":"tag-senegal","12":"tag-senegal-actualites","13":"tag-societe"},"share_on_mastodon":{"url":"","error":""},"_links":{"self":[{"href":"https:\/\/www.europesays.com\/africa\/wp-json\/wp\/v2\/posts\/7958","targetHints":{"allow":["GET"]}}],"collection":[{"href":"https:\/\/www.europesays.com\/africa\/wp-json\/wp\/v2\/posts"}],"about":[{"href":"https:\/\/www.europesays.com\/africa\/wp-json\/wp\/v2\/types\/post"}],"author":[{"embeddable":true,"href":"https:\/\/www.europesays.com\/africa\/wp-json\/wp\/v2\/users\/2"}],"replies":[{"embeddable":true,"href":"https:\/\/www.europesays.com\/africa\/wp-json\/wp\/v2\/comments?post=7958"}],"version-history":[{"count":0,"href":"https:\/\/www.europesays.com\/africa\/wp-json\/wp\/v2\/posts\/7958\/revisions"}],"wp:featuredmedia":[{"embeddable":true,"href":"https:\/\/www.europesays.com\/africa\/wp-json\/wp\/v2\/media\/7959"}],"wp:attachment":[{"href":"https:\/\/www.europesays.com\/africa\/wp-json\/wp\/v2\/media?parent=7958"}],"wp:term":[{"taxonomy":"category","embeddable":true,"href":"https:\/\/www.europesays.com\/africa\/wp-json\/wp\/v2\/categories?post=7958"},{"taxonomy":"post_tag","embeddable":true,"href":"https:\/\/www.europesays.com\/africa\/wp-json\/wp\/v2\/tags?post=7958"}],"curies":[{"name":"wp","href":"https:\/\/api.w.org\/{rel}","templated":true}]}}